{"id":77764,"date":"2018-12-21T22:52:50","date_gmt":"2018-12-22T01:52:50","guid":{"rendered":"http:\/\/www.caririemacao.com\/1\/?p=77764"},"modified":"2018-12-21T22:52:50","modified_gmt":"2018-12-22T01:52:50","slug":"prefeitura-de-camalau-investe-em-ornamentacao-natalina","status":"publish","type":"post","link":"https:\/\/www.caririemacao.com\/1\/2018\/12\/21\/prefeitura-de-camalau-investe-em-ornamentacao-natalina\/","title":{"rendered":"Prefeitura de Camala\u00fa investe em ornamenta\u00e7\u00e3o natalina"},"content":{"rendered":"<p>O clima natalino j\u00e1 come\u00e7ou em Camala\u00fa. A administra\u00e7\u00e3o municipal se empenhou e criou toda a ambienta\u00e7\u00e3o pr\u00f3pria para os festejos do Natal e das festividades de final de ano.<\/p>\n<p>A Prefeitura de Camala\u00fa inovou, investindo na ornamenta\u00e7\u00e3o Natalina, com s\u00edmbolos em toda cidade, em especial na Pra\u00e7a de Eventos, onde foi criando um ambiente com esp\u00edrito Natalino. Na Pra\u00e7a de eventos, tamb\u00e9m foi construida a Casa do Papai Noel, al\u00e9m de ornamenta\u00e7\u00e3o que est\u00e1 sendo elogiada por toda popula\u00e7\u00e3o e vistantes.<\/p>\n<p>Segundo o professor Marinaldo, respons\u00e1vel pela ornamenta\u00e7\u00e3o, o projeto tamb\u00e9m foi estendido para o Distrito do Pindur\u00e3o.<\/p>\n<p>J\u00e1 o prefeito Sandro convida a todos filhos de Camala\u00fa e visitantes que para levarem todas as crian\u00e7as para visitar o espa\u00e7o natalino dedicado a popula\u00e7\u00e3o. \u201cSer\u00e1 um natal iluminado e estamos trabalhando muito para resgatar a magia e a alegria do Natal nos cora\u00e7\u00f5es dos camalauenses\u201d ressaltou o prefeito Sandro.<\/p>\n","protected":false},"excerpt":{"rendered":"<p>O clima natalino j\u00e1 come\u00e7ou em Camala\u00fa. A administra\u00e7\u00e3o municipal se empenhou e criou toda a ambienta\u00e7\u00e3o pr\u00f3pria para os festejos do Natal e das&hellip; <\/p>\n","protected":false},"author":2,"featured_media":77765,"comment_status":"closed","ping_status":"closed","sticky":false,"template":"","format":"standard","meta":{"sfsi_plus_gutenberg_text_before_share":"","sfsi_plus_gutenberg_show_text_before_share":"","sfsi_plus_gutenberg_icon_type":"","sfsi_plus_gutenberg_icon_alignemt":"","sfsi_plus_gutenburg_max_per_row":"","footnotes":""},"categories":[6,50],"tags":[],"class_list":["post-77764","post","type-post","status-publish","format-standard","has-post-thumbnail","hentry","category-cidades","category-destaque"],"_links":{"self":[{"href":"https:\/\/www.caririemacao.com\/1\/wp-json\/wp\/v2\/posts\/77764","targetHints":{"allow":["GET"]}}],"collection":[{"href":"https:\/\/www.caririemacao.com\/1\/wp-json\/wp\/v2\/posts"}],"about":[{"href":"https:\/\/www.caririemacao.com\/1\/wp-json\/wp\/v2\/types\/post"}],"author":[{"embeddable":true,"href":"https:\/\/www.caririemacao.com\/1\/wp-json\/wp\/v2\/users\/2"}],"replies":[{"embeddable":true,"href":"https:\/\/www.caririemacao.com\/1\/wp-json\/wp\/v2\/comments?post=77764"}],"version-history":[{"count":1,"href":"https:\/\/www.caririemacao.com\/1\/wp-json\/wp\/v2\/posts\/77764\/revisions"}],"predecessor-version":[{"id":77766,"href":"https:\/\/www.caririemacao.com\/1\/wp-json\/wp\/v2\/posts\/77764\/revisions\/77766"}],"wp:featuredmedia":[{"embeddable":true,"href":"https:\/\/www.caririemacao.com\/1\/wp-json\/wp\/v2\/media\/77765"}],"wp:attachment":[{"href":"https:\/\/www.caririemacao.com\/1\/wp-json\/wp\/v2\/media?parent=77764"}],"wp:term":[{"taxonomy":"category","embeddable":true,"href":"https:\/\/www.caririemacao.com\/1\/wp-json\/wp\/v2\/categories?post=77764"},{"taxonomy":"post_tag","embeddable":true,"href":"https:\/\/www.caririemacao.com\/1\/wp-json\/wp\/v2\/tags?post=77764"}],"curies":[{"name":"wp","href":"https:\/\/api.w.org\/{rel}","templated":true}]}}