{"id":77771,"date":"2018-12-22T07:30:34","date_gmt":"2018-12-22T10:30:34","guid":{"rendered":"http:\/\/www.caririemacao.com\/1\/?p=77771"},"modified":"2018-12-22T07:30:34","modified_gmt":"2018-12-22T10:30:34","slug":"policia-prende-adolescente-suspeito-de-fazer-arrastao-em-cidades-do-cariri","status":"publish","type":"post","link":"https:\/\/www.caririemacao.com\/1\/2018\/12\/22\/policia-prende-adolescente-suspeito-de-fazer-arrastao-em-cidades-do-cariri\/","title":{"rendered":"Pol\u00edcia prende adolescente suspeito de fazer arrast\u00e3o em cidades do Cariri"},"content":{"rendered":"<p>Na noite desta sexta-feira, dia 21, a Pol\u00edcia Militar prendeu um adolescente suspeito de ter praticado roubos nas cidades de S\u00e3o Jos\u00e9 dos Cordeiros e Serra Branca. Segundo a PM, foram duas pessoas envolvidas nos roubos.<\/p>\n<p>Ap\u00f3s as informa\u00e7\u00f5es serem repassadas a pol\u00edcia militar, imediatamente os policiais iniciaram buscas nas estradas com tentativa de encontrar os meliantes. Depois de algumas dilig\u00eancias, a PM encontrou uma moto Broz Honda, cor branca, usada no arrast\u00e3o.<\/p>\n<p>Eles ainda trocaram tiro com a pol\u00edcia e acabou caindo da moto. Um dos homens, um adolescente de 15 anos, natural de Teixeira\/PB foi preso, j\u00e1 o segundo meliante fugiu para o mato, possivelmente baleado. Com o adolescente foi encontrado v\u00e1rios celulares, objetos de roubo.<\/p>\n","protected":false},"excerpt":{"rendered":"<p>Na noite desta sexta-feira, dia 21, a Pol\u00edcia Militar prendeu um adolescente suspeito de ter praticado roubos nas cidades de S\u00e3o Jos\u00e9 dos Cordeiros e&hellip; <\/p>\n","protected":false},"author":2,"featured_media":77773,"comment_status":"closed","ping_status":"closed","sticky":false,"template":"","format":"standard","meta":{"sfsi_plus_gutenberg_text_before_share":"","sfsi_plus_gutenberg_show_text_before_share":"","sfsi_plus_gutenberg_icon_type":"","sfsi_plus_gutenberg_icon_alignemt":"","sfsi_plus_gutenburg_max_per_row":"","footnotes":""},"categories":[12],"tags":[],"class_list":["post-77771","post","type-post","status-publish","format-standard","has-post-thumbnail","hentry","category-policia"],"_links":{"self":[{"href":"https:\/\/www.caririemacao.com\/1\/wp-json\/wp\/v2\/posts\/77771","targetHints":{"allow":["GET"]}}],"collection":[{"href":"https:\/\/www.caririemacao.com\/1\/wp-json\/wp\/v2\/posts"}],"about":[{"href":"https:\/\/www.caririemacao.com\/1\/wp-json\/wp\/v2\/types\/post"}],"author":[{"embeddable":true,"href":"https:\/\/www.caririemacao.com\/1\/wp-json\/wp\/v2\/users\/2"}],"replies":[{"embeddable":true,"href":"https:\/\/www.caririemacao.com\/1\/wp-json\/wp\/v2\/comments?post=77771"}],"version-history":[{"count":2,"href":"https:\/\/www.caririemacao.com\/1\/wp-json\/wp\/v2\/posts\/77771\/revisions"}],"predecessor-version":[{"id":77774,"href":"https:\/\/www.caririemacao.com\/1\/wp-json\/wp\/v2\/posts\/77771\/revisions\/77774"}],"wp:featuredmedia":[{"embeddable":true,"href":"https:\/\/www.caririemacao.com\/1\/wp-json\/wp\/v2\/media\/77773"}],"wp:attachment":[{"href":"https:\/\/www.caririemacao.com\/1\/wp-json\/wp\/v2\/media?parent=77771"}],"wp:term":[{"taxonomy":"category","embeddable":true,"href":"https:\/\/www.caririemacao.com\/1\/wp-json\/wp\/v2\/categories?post=77771"},{"taxonomy":"post_tag","embeddable":true,"href":"https:\/\/www.caririemacao.com\/1\/wp-json\/wp\/v2\/tags?post=77771"}],"curies":[{"name":"wp","href":"https:\/\/api.w.org\/{rel}","templated":true}]}}