{"id":77779,"date":"2018-12-22T14:19:17","date_gmt":"2018-12-22T17:19:17","guid":{"rendered":"http:\/\/www.caririemacao.com\/1\/?p=77779"},"modified":"2018-12-22T14:19:17","modified_gmt":"2018-12-22T17:19:17","slug":"duas-cidades-do-cariri-sao-incluidas-na-nova-chamada-do-programa-mais-medicos","status":"publish","type":"post","link":"https:\/\/www.caririemacao.com\/1\/2018\/12\/22\/duas-cidades-do-cariri-sao-incluidas-na-nova-chamada-do-programa-mais-medicos\/","title":{"rendered":"Duas cidades do Cariri s\u00e3o inclu\u00eddas na nova chamada do Programa \u2018Mais M\u00e9dicos\u2019"},"content":{"rendered":"<div>A nova chamada do edital do Mais M\u00e9dicos j\u00e1 est\u00e1 dispon\u00edvel para os profissionais com registro no Brasil. Os m\u00e9dicos podem se inscrever at\u00e9 esta sexta-feira (21) pelo\u00a0<strong><a href=\"http:\/\/maismedicos.saude.gov.br\/loginExt.php\">site<\/a><\/strong>\u00a0do programa. Ficam impossibilitados de escolher os munic\u00edpios os profissionais que participaram do edital anterior e desistiram. A Para\u00edba tem 23 vagas abertas;\u00a0<a href=\"http:\/\/maismedicos.gov.br\/images\/PDF\/VAGAS-REMANESCENTES-FINAL-20122018-16ciclo.pdf\"><strong>veja aqui.<\/strong><\/a><\/div>\n<div>\n<p>Dentre as 23 vagas abertas para o estado da Para\u00edba, duas cidades caririzeiras foram inclu\u00eddas nesta mais nova chamada do programa. S\u00e3o as cidades de Assun\u00e7\u00e3o e Tapero\u00e1.\u00a0Em todo o Brasil, est\u00e3o disponibilizadas 2.448 vagas em 1.177 munic\u00edpios e 28 Distritos Sanit\u00e1rios Especiais Ind\u00edgenas (DSEI). Os postos abertos s\u00e3o referentes as localidades n\u00e3o ocupadas na primeira sele\u00e7\u00e3o.<\/p>\n<p>O balan\u00e7o de convoca\u00e7\u00e3o dos profissionais divulgado nesta quinta-feira (20), pelo Minist\u00e9rio da Sa\u00fade, aponta que 5.846 m\u00e9dicos se apresentaram nas cidades escolhidas ou iniciaram as atividades. O prazo final para os m\u00e9dicos se apresentarem aos munic\u00edpios terminou na \u00faltima ter\u00e7a-feira (18).<\/p>\n<p>Os profissionais que j\u00e1 est\u00e3o homologados e desistirem dos postos ter\u00e3o as vagas colocadas de volta ao edital do Mais M\u00e9dicos. A chamada segue aberta at\u00e9 esta sexta-feira (21) exclusivamente para aqueles que possuem registro no Brasil (CRM). O Minist\u00e9rio da Sa\u00fade atualizar\u00e1 o sistema no fim desta quinta-feira com as vagas dispon\u00edveis. Os m\u00e9dicos que decidirem n\u00e3o comparecer mais as atividades devem informar ao munic\u00edpio alocado, que comunicar\u00e1 a desist\u00eancia ao Minist\u00e9rio da Sa\u00fade.<\/p>\n<p>O edital de convoca\u00e7\u00e3o foi uma medida emergencial adotada pelo governo brasileiro para garantir a assist\u00eancia em locais que contavam com profissionais de cubanos, por meio de coopera\u00e7\u00e3o com a Organiza\u00e7\u00e3o Pan-Americana da Sa\u00fade (Opas) e o governo de Cuba.<\/p>\n<h2><strong>Profissionais formados no exterior<\/strong><\/h2>\n<p>Ao todo, 10.205 profissionais brasileiros e estrangeiros formados no exterior (sem registro no Brasil) completaram a inscri\u00e7\u00e3o de participa\u00e7\u00e3o no Programa Mais M\u00e9dicos. O prazo para o envio da documenta\u00e7\u00e3o dos profissionais encerrou no \u00faltimo domingo (16).<\/p>\n<p>As documenta\u00e7\u00f5es de todos ainda est\u00e3o em an\u00e1lise conforme edital. Nos dias 27 e 28 de dezembro, os m\u00e9dicos brasileiros formados no exterior ter\u00e3o acesso ao sistema para escolherem as vagas em aberto. Posteriormente, nos dias 3 e 4 de janeiro de 2019, os m\u00e9dicos estrangeiros ter\u00e3o a mesma oportunidade.<\/p>\n<h3><strong>Confira o cronograma das pr\u00f3ximas etapas:<\/strong><\/h3>\n<ul>\n<li>De 20\/12 a 21\/12 \u2013 M\u00e9dicos CRM Brasil escolhem munic\u00edpios com vagas dispon\u00edveis<\/li>\n<li>De 27\/12 a 28\/12 \u2013 M\u00e9dicos brasileiros\u00a0formados no exterior escolhem munic\u00edpios com vagas dispon\u00edveis<\/li>\n<li>De 03\/01 a 04\/01\/2019 \u2013 M\u00e9dicos estrangeiros formados no exterior\u00a0escolhem munic\u00edpios com vagas dispon\u00edveis<\/li>\n<li>De 08\/01 a 09\/01\/2019 \u2013 Apresenta\u00e7\u00e3o dos m\u00e9dicos brasileiros formados no exterior<\/li>\n<\/ul>\n<p><em>Com Portal Correio<\/em><\/p>\n<\/div>\n","protected":false},"excerpt":{"rendered":"<p>A nova chamada do edital do Mais M\u00e9dicos j\u00e1 est\u00e1 dispon\u00edvel para os profissionais com registro no Brasil. Os m\u00e9dicos podem se inscrever at\u00e9 esta&hellip; <\/p>\n","protected":false},"author":1,"featured_media":73707,"comment_status":"closed","ping_status":"closed","sticky":false,"template":"","format":"standard","meta":{"sfsi_plus_gutenberg_text_before_share":"","sfsi_plus_gutenberg_show_text_before_share":"","sfsi_plus_gutenberg_icon_type":"","sfsi_plus_gutenberg_icon_alignemt":"","sfsi_plus_gutenburg_max_per_row":"","footnotes":""},"categories":[16],"tags":[],"class_list":["post-77779","post","type-post","status-publish","format-standard","has-post-thumbnail","hentry","category-saude"],"_links":{"self":[{"href":"https:\/\/www.caririemacao.com\/1\/wp-json\/wp\/v2\/posts\/77779","targetHints":{"allow":["GET"]}}],"collection":[{"href":"https:\/\/www.caririemacao.com\/1\/wp-json\/wp\/v2\/posts"}],"about":[{"href":"https:\/\/www.caririemacao.com\/1\/wp-json\/wp\/v2\/types\/post"}],"author":[{"embeddable":true,"href":"https:\/\/www.caririemacao.com\/1\/wp-json\/wp\/v2\/users\/1"}],"replies":[{"embeddable":true,"href":"https:\/\/www.caririemacao.com\/1\/wp-json\/wp\/v2\/comments?post=77779"}],"version-history":[{"count":1,"href":"https:\/\/www.caririemacao.com\/1\/wp-json\/wp\/v2\/posts\/77779\/revisions"}],"predecessor-version":[{"id":77790,"href":"https:\/\/www.caririemacao.com\/1\/wp-json\/wp\/v2\/posts\/77779\/revisions\/77790"}],"wp:featuredmedia":[{"embeddable":true,"href":"https:\/\/www.caririemacao.com\/1\/wp-json\/wp\/v2\/media\/73707"}],"wp:attachment":[{"href":"https:\/\/www.caririemacao.com\/1\/wp-json\/wp\/v2\/media?parent=77779"}],"wp:term":[{"taxonomy":"category","embeddable":true,"href":"https:\/\/www.caririemacao.com\/1\/wp-json\/wp\/v2\/categories?post=77779"},{"taxonomy":"post_tag","embeddable":true,"href":"https:\/\/www.caririemacao.com\/1\/wp-json\/wp\/v2\/tags?post=77779"}],"curies":[{"name":"wp","href":"https:\/\/api.w.org\/{rel}","templated":true}]}}