{"id":77781,"date":"2018-12-22T14:12:04","date_gmt":"2018-12-22T17:12:04","guid":{"rendered":"http:\/\/www.caririemacao.com\/1\/?p=77781"},"modified":"2018-12-22T14:12:04","modified_gmt":"2018-12-22T17:12:04","slug":"secretaria-de-infraestrutura-realiza-limpeza-nas-imediacoes-do-acude-em-monteiro","status":"publish","type":"post","link":"https:\/\/www.caririemacao.com\/1\/2018\/12\/22\/secretaria-de-infraestrutura-realiza-limpeza-nas-imediacoes-do-acude-em-monteiro\/","title":{"rendered":"Secretaria de Infraestrutura realiza limpeza nas imedia\u00e7\u00f5es do A\u00e7ude em Monteiro"},"content":{"rendered":"<p>A Prefeitura de Monteiro por meio da Secretaria de Infraestrutura est\u00e1 realizando servi\u00e7os de limpeza e consertos no a\u00e7ude p\u00fablico e imedia\u00e7\u00f5es.<\/p>\n<p>A pista de corrida ganhou reparos com tapa buracos. No espa\u00e7o entre a Academia da Sa\u00fade e o a\u00e7ude foi feito o servi\u00e7o de ro\u00e7o, al\u00e9m da passagem de m\u00e1quina, bem como o recolhimento de materiais descartados no local.<\/p>\n<p>O pr\u00f3prio a\u00e7ude tamb\u00e9m ganhou o servi\u00e7o de limpeza por dentro e por\u00a0<img fetchpriority=\"high\" decoding=\"async\" class=\"size-medium wp-image-30366 alignleft\" src=\"http:\/\/www.vitrinedocariri.com.br\/wp-content\/uploads\/2018\/12\/Infraestrutura_a%C3%A7ude3-300x199.jpeg\" alt=\"\" width=\"300\" height=\"199\" \/>fora.<\/p>\n<p>Segundo o secret\u00e1rio Rostand Chaves, a popula\u00e7\u00e3o do local poder\u00e1 usufruir dos espa\u00e7os da localidade com mais conforto e beleza, tendo em vista a grande quantidade de pessoas que realizam atividades f\u00edsicas tanto na pista de corrida do a\u00e7ude, quanto na Academia da Sa\u00fade.<\/p>\n<p>A prefeita Anna Lorena tem priorizado os servi\u00e7os de melhoria na infraestrutura e limpeza urbana em especial neste per\u00edodo de festas de final de ano, e garantiu que esta demanda de servi\u00e7os ser\u00e1 intensificada em 2019.<\/p>\n","protected":false},"excerpt":{"rendered":"<p>A Prefeitura de Monteiro por meio da Secretaria de Infraestrutura est\u00e1 realizando servi\u00e7os de limpeza e consertos no a\u00e7ude p\u00fablico e imedia\u00e7\u00f5es. A pista de&hellip; <\/p>\n","protected":false},"author":1,"featured_media":77783,"comment_status":"closed","ping_status":"closed","sticky":false,"template":"","format":"standard","meta":{"sfsi_plus_gutenberg_text_before_share":"","sfsi_plus_gutenberg_show_text_before_share":"","sfsi_plus_gutenberg_icon_type":"","sfsi_plus_gutenberg_icon_alignemt":"","sfsi_plus_gutenburg_max_per_row":"","footnotes":""},"categories":[6],"tags":[],"class_list":["post-77781","post","type-post","status-publish","format-standard","has-post-thumbnail","hentry","category-cidades"],"_links":{"self":[{"href":"https:\/\/www.caririemacao.com\/1\/wp-json\/wp\/v2\/posts\/77781","targetHints":{"allow":["GET"]}}],"collection":[{"href":"https:\/\/www.caririemacao.com\/1\/wp-json\/wp\/v2\/posts"}],"about":[{"href":"https:\/\/www.caririemacao.com\/1\/wp-json\/wp\/v2\/types\/post"}],"author":[{"embeddable":true,"href":"https:\/\/www.caririemacao.com\/1\/wp-json\/wp\/v2\/users\/1"}],"replies":[{"embeddable":true,"href":"https:\/\/www.caririemacao.com\/1\/wp-json\/wp\/v2\/comments?post=77781"}],"version-history":[{"count":1,"href":"https:\/\/www.caririemacao.com\/1\/wp-json\/wp\/v2\/posts\/77781\/revisions"}],"predecessor-version":[{"id":77784,"href":"https:\/\/www.caririemacao.com\/1\/wp-json\/wp\/v2\/posts\/77781\/revisions\/77784"}],"wp:featuredmedia":[{"embeddable":true,"href":"https:\/\/www.caririemacao.com\/1\/wp-json\/wp\/v2\/media\/77783"}],"wp:attachment":[{"href":"https:\/\/www.caririemacao.com\/1\/wp-json\/wp\/v2\/media?parent=77781"}],"wp:term":[{"taxonomy":"category","embeddable":true,"href":"https:\/\/www.caririemacao.com\/1\/wp-json\/wp\/v2\/categories?post=77781"},{"taxonomy":"post_tag","embeddable":true,"href":"https:\/\/www.caririemacao.com\/1\/wp-json\/wp\/v2\/tags?post=77781"}],"curies":[{"name":"wp","href":"https:\/\/api.w.org\/{rel}","templated":true}]}}