{"id":77787,"date":"2018-12-22T14:14:18","date_gmt":"2018-12-22T17:14:18","guid":{"rendered":"http:\/\/www.caririemacao.com\/1\/?p=77787"},"modified":"2018-12-22T14:14:18","modified_gmt":"2018-12-22T17:14:18","slug":"prefeitura-municipal-de-sume-emite-mensagem-de-natal-e-ano-novo","status":"publish","type":"post","link":"https:\/\/www.caririemacao.com\/1\/2018\/12\/22\/prefeitura-municipal-de-sume-emite-mensagem-de-natal-e-ano-novo\/","title":{"rendered":"Prefeitura Municipal de Sum\u00e9 emite mensagem de natal e ano novo"},"content":{"rendered":"<p>O prefeitura do munic\u00edpio de Sum\u00e9 emitiu uma mensagem desejando Feliz Natal e Pr\u00f3spero Ano Novo para toda a popula\u00e7\u00e3o sumeense.<\/p>\n<p><strong>Confira a mensagem:<\/strong><\/p>\n<p>Que o sentido do Natal esteja sempre presente em nosso dia a dia. Que a esperan\u00e7a seja um objetivo concretizado e que em 2019 seus sonhos sirvam de inspira\u00e7\u00e3o para realizar e sentir que a vida \u00e9 um presente iluminado que Deus nos deu.<\/p>\n<p>Que todos os dias do Ano Novo sejam repletos de alegrias e muita prosperidade.<\/p>\n<p>Com nossa luta e compromisso, Sum\u00e9 continuar\u00e1 no rumo do desenvolvimento, sendo uma cidade voltada para o trabalho e fortalecimento do seu povo.<\/p>\n<p>S\u00e3o os votos dos que fazem a Prefeitura de Sum\u00e9.<\/p>\n","protected":false},"excerpt":{"rendered":"<p>O prefeitura do munic\u00edpio de Sum\u00e9 emitiu uma mensagem desejando Feliz Natal e Pr\u00f3spero Ano Novo para toda a popula\u00e7\u00e3o sumeense. Confira a mensagem: Que&hellip; <\/p>\n","protected":false},"author":1,"featured_media":37102,"comment_status":"closed","ping_status":"closed","sticky":false,"template":"","format":"standard","meta":{"sfsi_plus_gutenberg_text_before_share":"","sfsi_plus_gutenberg_show_text_before_share":"","sfsi_plus_gutenberg_icon_type":"","sfsi_plus_gutenberg_icon_alignemt":"","sfsi_plus_gutenburg_max_per_row":"","footnotes":""},"categories":[50,2],"tags":[],"class_list":["post-77787","post","type-post","status-publish","format-standard","has-post-thumbnail","hentry","category-destaque","category-geral"],"_links":{"self":[{"href":"https:\/\/www.caririemacao.com\/1\/wp-json\/wp\/v2\/posts\/77787","targetHints":{"allow":["GET"]}}],"collection":[{"href":"https:\/\/www.caririemacao.com\/1\/wp-json\/wp\/v2\/posts"}],"about":[{"href":"https:\/\/www.caririemacao.com\/1\/wp-json\/wp\/v2\/types\/post"}],"author":[{"embeddable":true,"href":"https:\/\/www.caririemacao.com\/1\/wp-json\/wp\/v2\/users\/1"}],"replies":[{"embeddable":true,"href":"https:\/\/www.caririemacao.com\/1\/wp-json\/wp\/v2\/comments?post=77787"}],"version-history":[{"count":1,"href":"https:\/\/www.caririemacao.com\/1\/wp-json\/wp\/v2\/posts\/77787\/revisions"}],"predecessor-version":[{"id":77788,"href":"https:\/\/www.caririemacao.com\/1\/wp-json\/wp\/v2\/posts\/77787\/revisions\/77788"}],"wp:featuredmedia":[{"embeddable":true,"href":"https:\/\/www.caririemacao.com\/1\/wp-json\/wp\/v2\/media\/37102"}],"wp:attachment":[{"href":"https:\/\/www.caririemacao.com\/1\/wp-json\/wp\/v2\/media?parent=77787"}],"wp:term":[{"taxonomy":"category","embeddable":true,"href":"https:\/\/www.caririemacao.com\/1\/wp-json\/wp\/v2\/categories?post=77787"},{"taxonomy":"post_tag","embeddable":true,"href":"https:\/\/www.caririemacao.com\/1\/wp-json\/wp\/v2\/tags?post=77787"}],"curies":[{"name":"wp","href":"https:\/\/api.w.org\/{rel}","templated":true}]}}