{"id":77791,"date":"2018-12-22T14:21:18","date_gmt":"2018-12-22T17:21:18","guid":{"rendered":"http:\/\/www.caririemacao.com\/1\/?p=77791"},"modified":"2018-12-22T14:21:18","modified_gmt":"2018-12-22T17:21:18","slug":"prefeitura-de-sume-lanca-mais-uma-edicao-pro-receita-e-regularizacao-do-iptu-2019","status":"publish","type":"post","link":"https:\/\/www.caririemacao.com\/1\/2018\/12\/22\/prefeitura-de-sume-lanca-mais-uma-edicao-pro-receita-e-regularizacao-do-iptu-2019\/","title":{"rendered":"Prefeitura de Sum\u00e9 lan\u00e7a mais uma edi\u00e7\u00e3o Pro-Receita e regulariza\u00e7\u00e3o do IPTU 2019"},"content":{"rendered":"<p>A C\u00e2mara Municipal de Sum\u00e9 aprovou nesta quinta-feira (20\/12), mais uma edi\u00e7\u00e3o do Programa de Recupera\u00e7\u00e3o de Receitas, o Pr\u00f3-Receita 2019.<\/p>\n<p>O Projeto de Lei encaminhado pelo Poder Executivo foi um entendimento mantido entre o prefeito \u00c9den Duarte e os vereadores da base do governo que solicitaram ao prefeito o lan\u00e7amento de mais uma edi\u00e7\u00e3o do Programa para dar mais uma oportunidade para que o contribuinte regularize a situa\u00e7\u00e3o de pagamento de IPTU em atraso.<\/p>\n<p>O PR\u00d3-RECEITA 2019 beneficiar\u00e1 o contribuinte por interm\u00e9dio da dispensa integral ou parcial dos juros e das multas morat\u00f3rias devidos at\u00e9 o dia 31 de dezembro de 2018, que variar\u00e1 conforme a forma de pagamento, dentro do seguinte esquema:<\/p>\n<ul>\n<li>Desconto de 100% (cem por cento) a ser realizado em rela\u00e7\u00e3o ao valor\u00a0 dos\u00a0 juros e das multas morat\u00f3rias que incidirem sobre o valor principal, para pagamento \u00e0 vista;<\/li>\n<li>Desconto de 97,5% (noventa e sete inteiros e cinco d\u00e9cimos por cento) a ser realizado em rela\u00e7\u00e3o ao valor dos juros e das multas\u00a0 morat\u00f3rias que incidirem sobre o valor principal, para pagamento em at\u00e9 48 (quarenta e oito) parcelas.<\/li>\n<\/ul>\n<p>O valor m\u00ednimo das parcelas ser\u00e1:<\/p>\n<ul>\n<li>de R$ 50,00 (cinquenta reais) para Pessoa F\u00edsica;<\/li>\n<li>de R$100,00 (cem reais) para Pessoa Jur\u00eddica.<\/li>\n<\/ul>\n<p>O ingresso no PRO-RECEITA 2019 dar-se-\u00e1 por op\u00e7\u00e3o do contribuinte\u00a0 em\u00a0 d\u00e9bito com o Fisco Municipal, seja pessoa f\u00edsica ou jur\u00eddica.<\/p>\n<p>O contribuinte ter\u00e1 at\u00e9 o dia 28 de fevereiro de 2019 para\u00a0 aderir\u00a0 ao\u00a0 PR\u00d3-RECEITA, podendo tal prazo ser prorrogado na forma do art. 14, da Lei 1.287\/2018.<\/p>\n<p>O prefeito \u00c9den sancionou tamb\u00e9m a Lei n\u00b0 1.286\/2018, que lan\u00e7a o IPTU 2019.<\/p>\n<p>Nesta edi\u00e7\u00e3o, o IPTU poder\u00e1 ser parcelado em at\u00e9 tr\u00eas vezes, da seguinte forma:<\/p>\n<ul>\n<li>1\u00aa parcela: em 28 (vinte e oito) de fevereiro de 2019;<\/li>\n<\/ul>\n<ul>\n<li>2\u00aa parcela: em 31 (trinta e um) de mar\u00e7o de 2019;<\/li>\n<\/ul>\n<ul>\n<li>3\u00aa parcela: em 30 (trinta) de abril de 2019.<\/li>\n<\/ul>\n<p>Mediante op\u00e7\u00e3o do contribuinte, o IPTU poder\u00e1 ser lan\u00e7ado dentro do seguinte esquema:<\/p>\n<ul>\n<li>cota antecipada e at\u00e9 a data do vencimento para pagamento integral: at\u00e9 o dia 31 (trinta e um) de mar\u00e7o de 2019, com redu\u00e7\u00e3o de 10% (dez) por cento;<\/li>\n<li>cota \u00fanica para pagamento integral at\u00e9 o dia 31 (trinta e um) de maio de 2019.<\/li>\n<\/ul>\n","protected":false},"excerpt":{"rendered":"<p>A C\u00e2mara Municipal de Sum\u00e9 aprovou nesta quinta-feira (20\/12), mais uma edi\u00e7\u00e3o do Programa de Recupera\u00e7\u00e3o de Receitas, o Pr\u00f3-Receita 2019. O Projeto de Lei&hellip; <\/p>\n","protected":false},"author":1,"featured_media":52105,"comment_status":"closed","ping_status":"closed","sticky":false,"template":"","format":"standard","meta":{"sfsi_plus_gutenberg_text_before_share":"","sfsi_plus_gutenberg_show_text_before_share":"","sfsi_plus_gutenberg_icon_type":"","sfsi_plus_gutenberg_icon_alignemt":"","sfsi_plus_gutenburg_max_per_row":"","footnotes":""},"categories":[6],"tags":[],"class_list":["post-77791","post","type-post","status-publish","format-standard","has-post-thumbnail","hentry","category-cidades"],"_links":{"self":[{"href":"https:\/\/www.caririemacao.com\/1\/wp-json\/wp\/v2\/posts\/77791","targetHints":{"allow":["GET"]}}],"collection":[{"href":"https:\/\/www.caririemacao.com\/1\/wp-json\/wp\/v2\/posts"}],"about":[{"href":"https:\/\/www.caririemacao.com\/1\/wp-json\/wp\/v2\/types\/post"}],"author":[{"embeddable":true,"href":"https:\/\/www.caririemacao.com\/1\/wp-json\/wp\/v2\/users\/1"}],"replies":[{"embeddable":true,"href":"https:\/\/www.caririemacao.com\/1\/wp-json\/wp\/v2\/comments?post=77791"}],"version-history":[{"count":1,"href":"https:\/\/www.caririemacao.com\/1\/wp-json\/wp\/v2\/posts\/77791\/revisions"}],"predecessor-version":[{"id":77793,"href":"https:\/\/www.caririemacao.com\/1\/wp-json\/wp\/v2\/posts\/77791\/revisions\/77793"}],"wp:featuredmedia":[{"embeddable":true,"href":"https:\/\/www.caririemacao.com\/1\/wp-json\/wp\/v2\/media\/52105"}],"wp:attachment":[{"href":"https:\/\/www.caririemacao.com\/1\/wp-json\/wp\/v2\/media?parent=77791"}],"wp:term":[{"taxonomy":"category","embeddable":true,"href":"https:\/\/www.caririemacao.com\/1\/wp-json\/wp\/v2\/categories?post=77791"},{"taxonomy":"post_tag","embeddable":true,"href":"https:\/\/www.caririemacao.com\/1\/wp-json\/wp\/v2\/tags?post=77791"}],"curies":[{"name":"wp","href":"https:\/\/api.w.org\/{rel}","templated":true}]}}