{"id":77801,"date":"2018-12-22T14:32:19","date_gmt":"2018-12-22T17:32:19","guid":{"rendered":"http:\/\/www.caririemacao.com\/1\/?p=77801"},"modified":"2018-12-22T14:32:19","modified_gmt":"2018-12-22T17:32:19","slug":"ministro-defende-manutencao-do-ministerio-da-seguranca-publica","status":"publish","type":"post","link":"https:\/\/www.caririemacao.com\/1\/2018\/12\/22\/ministro-defende-manutencao-do-ministerio-da-seguranca-publica\/","title":{"rendered":"Ministro defende manuten\u00e7\u00e3o do Minist\u00e9rio da Seguran\u00e7a P\u00fablica"},"content":{"rendered":"<p>O ministro da Seguran\u00e7a P\u00fablica, Raul Jungmann, disse, nesta sexta-feira (21), que gostaria que o futuro governo mantivesse o Minist\u00e9rio da Seguran\u00e7a P\u00fablica.<\/p>\n<p>Criado em 26 de fevereiro, a pasta ser\u00e1 extinta por decis\u00e3o do presidente eleito, Jair Bolsonaro, que j\u00e1 anunciou que ir\u00e1 fundi-la com o Minist\u00e9rio da Justi\u00e7a, conforme estrutura existente at\u00e9 nove meses atr\u00e1s.<\/p>\n<p>\u201cIsto aqui \u00e9 um pouco como um filho de toda a equipe. Evidentemente, gostar\u00edamos que [o minist\u00e9rio] continuasse [existindo]. At\u00e9 porque, temos resultados que, no nosso modo de entender, s\u00e3o muito positivos\u201d, disse Jungmann ao apresentar a jornalistas um balan\u00e7o das realiza\u00e7\u00f5es ministeriais ao longo dos \u00faltimos nove meses.<\/p>\n<p>Entre os avan\u00e7os celebrados, a redu\u00e7\u00e3o de 12,4% no n\u00famero de mortes violentas durante os nove primeiros meses do ano em compara\u00e7\u00e3o com o mesmo per\u00edodo do ano passado; a cria\u00e7\u00e3o do Sistema \u00danico de Seguran\u00e7a P\u00fablica (Susp); a aprova\u00e7\u00e3o do Plano Nacional de Seguran\u00e7a P\u00fablica e Defesa Social e a maior integra\u00e7\u00e3o entre as for\u00e7as de seguran\u00e7a p\u00fablica federal e estaduais.<\/p>\n<p>Extraoficial, a queda na quantidade de mortes violentas entre janeiro e setembro deste ano foi apurada pelo F\u00f3rum Brasileiro de Seguran\u00e7a P\u00fablica e pelo N\u00facleo de Estudos da Viol\u00eancia (NEV), da Universidade de S\u00e3o Paulo (USP), a pedido portal do G1.<\/p>\n<div id=\"attachment_547893\" class=\"wp-caption aligncenter\"><img decoding=\"async\" class=\"wp-image-547893 size-full lazyload\" data-src=\"https:\/\/paraibaonline.com.br\/wp-content\/uploads\/2018\/12\/JUNGMANN.jpg\" data-srcset=\"https:\/\/paraibaonline.com.br\/wp-content\/uploads\/2018\/12\/JUNGMANN.jpg 754w, https:\/\/paraibaonline.com.br\/wp-content\/uploads\/2018\/12\/JUNGMANN-567x378.jpg 567w\" alt=\"Foto: Ag\u00eancia Brasil\" src=\"data:image\/svg+xml;base64,PHN2ZyB3aWR0aD0iMSIgaGVpZ2h0PSIxIiB4bWxucz0iaHR0cDovL3d3dy53My5vcmcvMjAwMC9zdmciPjwvc3ZnPg==\" \/><\/p>\n<p class=\"wp-caption-text\">Foto: Ag\u00eancia Brasil<\/p>\n<\/div>\n<p>De acordo com a apura\u00e7\u00e3o, cuja divulga\u00e7\u00e3o foi comemorada por Jungmann, o n\u00famero de homic\u00eddios caiu m\u00eas a m\u00eas durante os nove primeiros meses de 2018, baixando de um total de 44 mil mortes violentas registradas no mesmo per\u00edodo de 2017, para 39 mil ocorr\u00eancias.<\/p>\n<p>Em 2017, no entanto, o total de homic\u00eddios ultrapassou as 63 mil ocorr\u00eancias.<\/p>\n<p>\u201cN\u00e3o resta a menor sombra de d\u00favida de que est\u00e1 dado o caminho [a ser seguido]\u201d, comentou Jungmann ao atribuir a melhora no \u00edndice de viol\u00eancia \u00e0 maior integra\u00e7\u00e3o entre as for\u00e7as federal e estaduais e ao empenho dos estados.<\/p>\n<p>\u201cA seguran\u00e7a p\u00fablica, no Brasil, nunca teve um rumo e uma responsabilidade assumida pelo governo federal. O presidente Temer teve essa coragem, tomou essa decis\u00e3o e, hoje, a seguran\u00e7a p\u00fablica tem pol\u00edtica, estrutura, sistema unificado, tem rumo e apresenta resultados\u201d, acrescentou o ministro.<\/p>\n<p>Para Jungmann, os resultados apresentados pelo Minist\u00e9rio da Seguran\u00e7a P\u00fablica sugerem que \u201ctalvez fosse melhor\u201d para o pa\u00eds contar com uma estrutura \u201cfocada\u201d no tema do que concentrar tantas atribui\u00e7\u00f5es em uma \u00fanica pasta.<\/p>\n<p>\u201cN\u00e3o \u00e9 um equ\u00edvoco, mas, pelos resultados apresentados, se continu\u00e1ssemos focados, talvez fosse melhor. Agora, essa \u00e9 uma decis\u00e3o do governo democraticamente eleito, e desejo ao meu sucessor a melhor sorte poss\u00edvel\u201d, disse Jungmann, desejando sorte a Sergio Moro, indicado pelo presidente eleito para assumir o Minist\u00e9rio da Justi\u00e7a.<\/p>\n<p>\u201cAcredito que o juiz Sergio Moro tem capacidades administrativa e intelectual, uma extraordin\u00e1ria biografia, e conhece bem o tema. Pode ser que ele supere tudo isso, ou seja, a fus\u00e3o dos minist\u00e9rios [da Justi\u00e7a e da Seguran\u00e7a P\u00fablica], e, ao fim, tenha, inclusive, mais a entregar a brasileiros e brasileiras\u201d, finalizou Jungmann, aventando a hip\u00f3tese de deixar a vida p\u00fablica.<\/p>\n<p>\u201cPassarei os pr\u00f3ximos seis meses de quarentena e, depois, vou pensar no que fazer da vida. Acho que vou para o setor privado. J\u00e1 s\u00e3o 30 anos de setor p\u00fablico. Chega.\u201d<\/p>\n<p>&nbsp;<\/p>\n<p>Ag\u00eancia Brasil<\/p>\n","protected":false},"excerpt":{"rendered":"<p>O ministro da Seguran\u00e7a P\u00fablica, Raul Jungmann, disse, nesta sexta-feira (21), que gostaria que o futuro governo mantivesse o Minist\u00e9rio da Seguran\u00e7a P\u00fablica. Criado em&hellip; <\/p>\n","protected":false},"author":1,"featured_media":77802,"comment_status":"closed","ping_status":"closed","sticky":false,"template":"","format":"standard","meta":{"sfsi_plus_gutenberg_text_before_share":"","sfsi_plus_gutenberg_show_text_before_share":"","sfsi_plus_gutenberg_icon_type":"","sfsi_plus_gutenberg_icon_alignemt":"","sfsi_plus_gutenburg_max_per_row":"","footnotes":""},"categories":[11],"tags":[],"class_list":["post-77801","post","type-post","status-publish","format-standard","has-post-thumbnail","hentry","category-politica"],"_links":{"self":[{"href":"https:\/\/www.caririemacao.com\/1\/wp-json\/wp\/v2\/posts\/77801","targetHints":{"allow":["GET"]}}],"collection":[{"href":"https:\/\/www.caririemacao.com\/1\/wp-json\/wp\/v2\/posts"}],"about":[{"href":"https:\/\/www.caririemacao.com\/1\/wp-json\/wp\/v2\/types\/post"}],"author":[{"embeddable":true,"href":"https:\/\/www.caririemacao.com\/1\/wp-json\/wp\/v2\/users\/1"}],"replies":[{"embeddable":true,"href":"https:\/\/www.caririemacao.com\/1\/wp-json\/wp\/v2\/comments?post=77801"}],"version-history":[{"count":1,"href":"https:\/\/www.caririemacao.com\/1\/wp-json\/wp\/v2\/posts\/77801\/revisions"}],"predecessor-version":[{"id":77803,"href":"https:\/\/www.caririemacao.com\/1\/wp-json\/wp\/v2\/posts\/77801\/revisions\/77803"}],"wp:featuredmedia":[{"embeddable":true,"href":"https:\/\/www.caririemacao.com\/1\/wp-json\/wp\/v2\/media\/77802"}],"wp:attachment":[{"href":"https:\/\/www.caririemacao.com\/1\/wp-json\/wp\/v2\/media?parent=77801"}],"wp:term":[{"taxonomy":"category","embeddable":true,"href":"https:\/\/www.caririemacao.com\/1\/wp-json\/wp\/v2\/categories?post=77801"},{"taxonomy":"post_tag","embeddable":true,"href":"https:\/\/www.caririemacao.com\/1\/wp-json\/wp\/v2\/tags?post=77801"}],"curies":[{"name":"wp","href":"https:\/\/api.w.org\/{rel}","templated":true}]}}