{"id":77811,"date":"2018-12-22T14:36:30","date_gmt":"2018-12-22T17:36:30","guid":{"rendered":"http:\/\/www.caririemacao.com\/1\/?p=77811"},"modified":"2018-12-22T14:36:30","modified_gmt":"2018-12-22T17:36:30","slug":"com-treino-tatico-treze-encerra-preparacao-para-encarar-o-nautico","status":"publish","type":"post","link":"https:\/\/www.caririemacao.com\/1\/2018\/12\/22\/com-treino-tatico-treze-encerra-preparacao-para-encarar-o-nautico\/","title":{"rendered":"Com treino t\u00e1tico, Treze encerra prepara\u00e7\u00e3o para encarar o N\u00e1utico"},"content":{"rendered":"<p><!------------------->\u00a0\u00a0\u00a0\u00a0\u00a0\u00a0\u00a0<!--banner-editoria-->\u00a0\u00a0\u00a0\u00a0\u00a0\u00a0\u00a0<!------------------->\u00a0\u00a0\u00a0\u00a0\u00a0\u00a0\u00a0\u00a0\u00a0\u00a0\u00a0\u00a0\u00a0<!------------------->\u00a0\u00a0\u00a0\u00a0\u00a0\u00a0\u00a0<!-------fim--------->\u00a0\u00a0\u00a0\u00a0\u00a0\u00a0\u00a0<!------------------->\u00a0\u00a0\u00a0\u00a0\u00a0\u00a0\u00a0\u00a0\u00a0\u00a0\u00a0\u00a0<!--conte\u00fado--><\/p>\n<div class=\"content\">\n<p>Empolgado com a vit\u00f3ria no Cl\u00e1ssico dos Maiorais de quarta-feira, quando realizou seu primeiro amistoso da pr\u00e9-temporada, na inaugura\u00e7\u00e3o do novo gramado do Amig\u00e3o, o elenco do Treze encerrou na tarde desta sexta-feira (21) a prepara\u00e7\u00e3o para o segundo teste da semana.<\/p>\n<p>\u00c0s 16h deste s\u00e1bado (22), no est\u00e1dio Presidente Vargas, o Galo recebe o N\u00e1utico, atual campe\u00e3o pernambucano e advers\u00e1rio do clube no S\u00e9rie C do Campeonato Brasileiro de 2019.<\/p>\n<div id=\"attachment_547937\" class=\"wp-caption alignnone\"><img decoding=\"async\" class=\"wp-image-547937 size-medium lazyload\" data-src=\"https:\/\/paraibaonline.com.br\/wp-content\/uploads\/2018\/12\/TrezeFC_21122018-567x374.jpg\" data-srcset=\"https:\/\/paraibaonline.com.br\/wp-content\/uploads\/2018\/12\/TrezeFC_21122018-567x374.jpg 567w, https:\/\/paraibaonline.com.br\/wp-content\/uploads\/2018\/12\/TrezeFC_21122018.jpg 800w\" alt=\"\" src=\"data:image\/svg+xml;base64,PHN2ZyB3aWR0aD0iMSIgaGVpZ2h0PSIxIiB4bWxucz0iaHR0cDovL3d3dy53My5vcmcvMjAwMC9zdmciPjwvc3ZnPg==\" style=\"--smush-placeholder-width: 567px; --smush-placeholder-aspect-ratio: 567\/374;\" \/><\/p>\n<p class=\"wp-caption-text\">Foto: Ascom \/ Treze FC<\/p>\n<\/div>\n<p>Como sempre costuma acontecer, a imprensa n\u00e3o p\u00f4de acompanhar a parte principal do trabalho t\u00e1tico realizado pelo t\u00e9cnico Maur\u00edlio Silva. Mas a tend\u00eancia \u00e9 que o treinador repita a mesma escala\u00e7\u00e3o do time que iniciou a partida contra o Campinense: Mauro Iguatu, Diego Superti, Brumati, L\u00e9o Fioravanti e Patrick Calmon; Coppetti, Misso, Fernando J\u00fanior e Jean Natal; Bravo e Teco.<\/p>\n<p>O torcedor que quiser acompanhar o segundo amistoso do Treze nesta pr\u00e9-temporada vai pagar os mesmos valores do d\u00e9rbi da \u00faltima quarta. A diretoria est\u00e1 repetindo a promo\u00e7\u00e3o \u201cTodos Pagam Meia\u201d, agora para a partida marcada para o PV: R$ 20 na geral, R$ 30 na principal e R$ 60 nas cadeiras.<\/p>\n<\/div>\n","protected":false},"excerpt":{"rendered":"<p>\u00a0\u00a0\u00a0\u00a0\u00a0\u00a0\u00a0\u00a0\u00a0\u00a0\u00a0\u00a0\u00a0\u00a0\u00a0\u00a0\u00a0\u00a0\u00a0\u00a0\u00a0\u00a0\u00a0\u00a0\u00a0\u00a0\u00a0\u00a0\u00a0\u00a0\u00a0\u00a0\u00a0\u00a0\u00a0\u00a0\u00a0\u00a0\u00a0\u00a0\u00a0\u00a0\u00a0\u00a0\u00a0\u00a0\u00a0\u00a0\u00a0\u00a0\u00a0\u00a0\u00a0 Empolgado com a vit\u00f3ria no Cl\u00e1ssico dos Maiorais de quarta-feira, quando realizou seu primeiro amistoso da pr\u00e9-temporada, na inaugura\u00e7\u00e3o do novo gramado do Amig\u00e3o,&hellip; <\/p>\n","protected":false},"author":1,"featured_media":75547,"comment_status":"closed","ping_status":"closed","sticky":false,"template":"","format":"standard","meta":{"sfsi_plus_gutenberg_text_before_share":"","sfsi_plus_gutenberg_show_text_before_share":"","sfsi_plus_gutenberg_icon_type":"","sfsi_plus_gutenberg_icon_alignemt":"","sfsi_plus_gutenburg_max_per_row":"","footnotes":""},"categories":[13],"tags":[],"class_list":["post-77811","post","type-post","status-publish","format-standard","has-post-thumbnail","hentry","category-esportes"],"_links":{"self":[{"href":"https:\/\/www.caririemacao.com\/1\/wp-json\/wp\/v2\/posts\/77811","targetHints":{"allow":["GET"]}}],"collection":[{"href":"https:\/\/www.caririemacao.com\/1\/wp-json\/wp\/v2\/posts"}],"about":[{"href":"https:\/\/www.caririemacao.com\/1\/wp-json\/wp\/v2\/types\/post"}],"author":[{"embeddable":true,"href":"https:\/\/www.caririemacao.com\/1\/wp-json\/wp\/v2\/users\/1"}],"replies":[{"embeddable":true,"href":"https:\/\/www.caririemacao.com\/1\/wp-json\/wp\/v2\/comments?post=77811"}],"version-history":[{"count":1,"href":"https:\/\/www.caririemacao.com\/1\/wp-json\/wp\/v2\/posts\/77811\/revisions"}],"predecessor-version":[{"id":77816,"href":"https:\/\/www.caririemacao.com\/1\/wp-json\/wp\/v2\/posts\/77811\/revisions\/77816"}],"wp:featuredmedia":[{"embeddable":true,"href":"https:\/\/www.caririemacao.com\/1\/wp-json\/wp\/v2\/media\/75547"}],"wp:attachment":[{"href":"https:\/\/www.caririemacao.com\/1\/wp-json\/wp\/v2\/media?parent=77811"}],"wp:term":[{"taxonomy":"category","embeddable":true,"href":"https:\/\/www.caririemacao.com\/1\/wp-json\/wp\/v2\/categories?post=77811"},{"taxonomy":"post_tag","embeddable":true,"href":"https:\/\/www.caririemacao.com\/1\/wp-json\/wp\/v2\/tags?post=77811"}],"curies":[{"name":"wp","href":"https:\/\/api.w.org\/{rel}","templated":true}]}}