{"id":77821,"date":"2018-12-22T14:46:23","date_gmt":"2018-12-22T17:46:23","guid":{"rendered":"http:\/\/www.caririemacao.com\/1\/?p=77821"},"modified":"2018-12-22T14:46:23","modified_gmt":"2018-12-22T17:46:23","slug":"divulgado-edital-para-programa-de-pos-graduacao-em-educacao-da-ufpb","status":"publish","type":"post","link":"https:\/\/www.caririemacao.com\/1\/2018\/12\/22\/divulgado-edital-para-programa-de-pos-graduacao-em-educacao-da-ufpb\/","title":{"rendered":"Divulgado edital para programa de p\u00f3s-gradua\u00e7\u00e3o em Educa\u00e7\u00e3o da UFPB"},"content":{"rendered":"<p>Foi divulgado nesta sexta-feira (21), o edital para sele\u00e7\u00e3o no Programa de P\u00f3s-Gradua\u00e7\u00e3o em Educa\u00e7\u00e3o da Universidade Federal da Para\u00edba (UFPB).<\/p>\n<p><a href=\"https:\/\/www.clickpb.com.br\/media\/filer_public\/0c\/c5\/0cc5b9be-ff81-4e0c-ac7e-db07117242e5\/edital-04-2018-selecao-2019\" data-file=\"\">Confira o edital completo<\/a><\/p>\n<p>S\u00e3o oferecidas 86 vagas, sendo elas 47 para o curso do mestrado e 39 para o curso do doutorado.<\/p>\n<p>As inscri\u00e7\u00f5es ser\u00e3o realizadas no per\u00edodo de 25 a 29 de janeiro de 2019 pelo<a href=\"https:\/\/sigaa.ufpb.br\/sigaa\/public\/processo_seletivo\/lista.jsf?aba=p-processo&amp;nivel=S\">site do SIGAA.<\/a><\/p>\n<p>J\u00e1 o processo seletivo acontece do dia 21 de dezembro de 2018 a 27 de mar\u00e7o de 2019, pelo <a href=\"http:\/\/www.ce.ufpb.br\/ppge\" target=\"true\">site do PPGE.<\/a><\/p>\n","protected":false},"excerpt":{"rendered":"<p>Foi divulgado nesta sexta-feira (21), o edital para sele\u00e7\u00e3o no Programa de P\u00f3s-Gradua\u00e7\u00e3o em Educa\u00e7\u00e3o da Universidade Federal da Para\u00edba (UFPB). Confira o edital completo&hellip; <\/p>\n","protected":false},"author":1,"featured_media":39895,"comment_status":"closed","ping_status":"closed","sticky":false,"template":"","format":"standard","meta":{"sfsi_plus_gutenberg_text_before_share":"","sfsi_plus_gutenberg_show_text_before_share":"","sfsi_plus_gutenberg_icon_type":"","sfsi_plus_gutenberg_icon_alignemt":"","sfsi_plus_gutenburg_max_per_row":"","footnotes":""},"categories":[14],"tags":[],"class_list":["post-77821","post","type-post","status-publish","format-standard","has-post-thumbnail","hentry","category-educacao"],"_links":{"self":[{"href":"https:\/\/www.caririemacao.com\/1\/wp-json\/wp\/v2\/posts\/77821","targetHints":{"allow":["GET"]}}],"collection":[{"href":"https:\/\/www.caririemacao.com\/1\/wp-json\/wp\/v2\/posts"}],"about":[{"href":"https:\/\/www.caririemacao.com\/1\/wp-json\/wp\/v2\/types\/post"}],"author":[{"embeddable":true,"href":"https:\/\/www.caririemacao.com\/1\/wp-json\/wp\/v2\/users\/1"}],"replies":[{"embeddable":true,"href":"https:\/\/www.caririemacao.com\/1\/wp-json\/wp\/v2\/comments?post=77821"}],"version-history":[{"count":1,"href":"https:\/\/www.caririemacao.com\/1\/wp-json\/wp\/v2\/posts\/77821\/revisions"}],"predecessor-version":[{"id":77822,"href":"https:\/\/www.caririemacao.com\/1\/wp-json\/wp\/v2\/posts\/77821\/revisions\/77822"}],"wp:featuredmedia":[{"embeddable":true,"href":"https:\/\/www.caririemacao.com\/1\/wp-json\/wp\/v2\/media\/39895"}],"wp:attachment":[{"href":"https:\/\/www.caririemacao.com\/1\/wp-json\/wp\/v2\/media?parent=77821"}],"wp:term":[{"taxonomy":"category","embeddable":true,"href":"https:\/\/www.caririemacao.com\/1\/wp-json\/wp\/v2\/categories?post=77821"},{"taxonomy":"post_tag","embeddable":true,"href":"https:\/\/www.caririemacao.com\/1\/wp-json\/wp\/v2\/tags?post=77821"}],"curies":[{"name":"wp","href":"https:\/\/api.w.org\/{rel}","templated":true}]}}