{"id":77849,"date":"2018-12-22T15:35:18","date_gmt":"2018-12-22T18:35:18","guid":{"rendered":"http:\/\/www.caririemacao.com\/1\/?p=77849"},"modified":"2018-12-22T15:35:18","modified_gmt":"2018-12-22T18:35:18","slug":"liberada-consulta-do-valor-do-ipva-2019-pela-internet","status":"publish","type":"post","link":"https:\/\/www.caririemacao.com\/1\/2018\/12\/22\/liberada-consulta-do-valor-do-ipva-2019-pela-internet\/","title":{"rendered":"Liberada consulta do valor do IPVA 2019 pela internet"},"content":{"rendered":"<p style=\"margin: 0px 0px 1.62em; padding: 0px; outline: 0px; border: 0px currentColor; color: #555555; text-transform: none; text-indent: 0px; letter-spacing: normal; font-family: 'Open Sans', sans-serif; font-size: 15px; font-style: normal; font-weight: 400; word-spacing: 0px; vertical-align: baseline; white-space: normal; -ms-zoom: 1; orphans: 2; widows: 2; background-color: #ffffff; font-variant-ligatures: normal; font-variant-caps: normal; -webkit-text-stroke-width: 0px; text-decoration-style: initial; text-decoration-color: initial;\">Os propriet\u00e1rios de ve\u00edculos na Para\u00edba j\u00e1 podem consultar o valor do IPVA (Imposto sobre a Propriedade de Ve\u00edculos Automotores) do exerc\u00edcio 2019. A Secretaria de Estado da Receita publicou no portal, com base na tabela Fipe (Funda\u00e7\u00e3o Instituto de Pesquisas Econ\u00f4micas), o valor do tributo.<\/p>\n<p style=\"margin: 0px 0px 1.62em; padding: 0px; outline: 0px; border: 0px currentColor; color: #555555; text-transform: none; text-indent: 0px; letter-spacing: normal; font-family: 'Open Sans', sans-serif; font-size: 15px; font-style: normal; font-weight: 400; word-spacing: 0px; vertical-align: baseline; white-space: normal; -ms-zoom: 1; orphans: 2; widows: 2; background-color: #ffffff; font-variant-ligatures: normal; font-variant-caps: normal; -webkit-text-stroke-width: 0px; text-decoration-style: initial; text-decoration-color: initial;\">Para saber o valor do IPVA, os propriet\u00e1rios precisam apenas de algumas caracter\u00edsticas do ve\u00edculo como, por exemplo, ano de fabrica\u00e7\u00e3o e a descri\u00e7\u00e3o do modelo para identificar o valor do tributo que ser\u00e1 pago em 2019. O IPVA de cada ve\u00edculo sofre altera\u00e7\u00f5es com as especifica\u00e7\u00f5es de cada um dos modelos, compreendido pelo per\u00edodo de 2004 a 2018. O valor de mercado de cada ve\u00edculo foi definido pela pesquisa da tabela Fipe.<\/p>\n<p style=\"margin: 0px 0px 1.62em; padding: 0px; outline: 0px; border: 0px currentColor; color: #555555; text-transform: none; text-indent: 0px; letter-spacing: normal; font-family: 'Open Sans', sans-serif; font-size: 15px; font-style: normal; font-weight: 400; word-spacing: 0px; vertical-align: baseline; white-space: normal; -ms-zoom: 1; orphans: 2; widows: 2; background-color: #ffffff; font-variant-ligatures: normal; font-variant-caps: normal; -webkit-text-stroke-width: 0px; text-decoration-style: initial; text-decoration-color: initial;\">O total da frota em 2019 ser\u00e1 de mais de 1,290 milh\u00e3o de ve\u00edculos no Estado da Para\u00edba, mas a frota tribut\u00e1vel \u00e9 de 931,5 mil ve\u00edculos. A redu\u00e7\u00e3o do valor do tributo nos diversos segmentos de ve\u00edculos vai oscilar entre 3,14% e 4,57%. Por segmento, os caminh\u00f5es ter\u00e3o a maior redu\u00e7\u00e3o m\u00e9dia do tributo (-4,57%), enquanto motos e similares ter\u00e3o as menores quedas (-3,14%). O IPVA sobre os carros de passeio\/autom\u00f3veis ter\u00e1 redu\u00e7\u00e3o m\u00e9dia de 3,12% e camionetes e utilit\u00e1rios com uma queda um pouco maior (3,19%).<\/p>\n<p style=\"margin: 0px 0px 1.62em; padding: 0px; outline: 0px; border: 0px currentColor; color: #555555; text-transform: none; text-indent: 0px; letter-spacing: normal; font-family: 'Open Sans', sans-serif; font-size: 15px; font-style: normal; font-weight: 400; word-spacing: 0px; vertical-align: baseline; white-space: normal; -ms-zoom: 1; orphans: 2; widows: 2; background-color: #ffffff; font-variant-ligatures: normal; font-variant-caps: normal; -webkit-text-stroke-width: 0px; text-decoration-style: initial; text-decoration-color: initial;\">J\u00e1 a redu\u00e7\u00e3o m\u00e9dia considera todos os tipos de ve\u00edculos tribut\u00e1veis, como autom\u00f3veis, motos, utilit\u00e1rios, \u00f4nibus e caminh\u00f5es. As al\u00edquotas do IPVA de 2017 dos ve\u00edculos permanecem as mesmas deste ano. Os autom\u00f3veis, motocicletas, micro-\u00f4nibus, caminhonetes t\u00eam al\u00edquotas de 2,5% sobre o valor venal dos ve\u00edculos, enquanto caminh\u00f5es e \u00f4nibus t\u00eam al\u00edquota de 1%.<\/p>\n<p style=\"margin: 0px 0px 1.62em; padding: 0px; outline: 0px; border: 0px currentColor; color: #555555; text-transform: none; text-indent: 0px; letter-spacing: normal; font-family: 'Open Sans', sans-serif; font-size: 15px; font-style: normal; font-weight: 400; word-spacing: 0px; vertical-align: baseline; white-space: normal; -ms-zoom: 1; orphans: 2; widows: 2; background-color: #ffffff; font-variant-ligatures: normal; font-variant-caps: normal; -webkit-text-stroke-width: 0px; text-decoration-style: initial; text-decoration-color: initial;\"><strong>Tabela do IPVA 2019<\/strong><\/p>\n<p style=\"margin: 0px 0px 1.62em; padding: 0px; outline: 0px; border: 0px currentColor; color: #555555; text-transform: none; text-indent: 0px; letter-spacing: normal; font-family: 'Open Sans', sans-serif; font-size: 15px; font-style: normal; font-weight: 400; word-spacing: 0px; vertical-align: baseline; white-space: normal; -ms-zoom: 1; orphans: 2; widows: 2; background-color: #ffffff; font-variant-ligatures: normal; font-variant-caps: normal; -webkit-text-stroke-width: 0px; text-decoration-style: initial; text-decoration-color: initial;\">Os propriet\u00e1rios de ve\u00edculos ter\u00e3o mais uma vez um calend\u00e1rio ampliado para realizar o pagamento do tributo em 2019. A data limite de vencimento ser\u00e1 o \u00faltimo dia \u00fatil de cada m\u00eas no per\u00edodo de janeiro a outubro para quem optar pelo pagamento da cota \u00fanica \u00e0 vista ou ent\u00e3o pelo parcelamento. Por exemplo, o propriet\u00e1rio com placa final 1, a data limite de vencimento ser\u00e1 o dia 31 de janeiro de 2019, enquanto a placa final 2 ser\u00e1 o dia 28 de fevereiro.<\/p>\n<p style=\"margin: 0px 0px 1.62em; padding: 0px; outline: 0px; border: 0px currentColor; color: #555555; text-transform: none; text-indent: 0px; letter-spacing: normal; font-family: 'Open Sans', sans-serif; font-size: 15px; font-style: normal; font-weight: 400; word-spacing: 0px; vertical-align: baseline; white-space: normal; -ms-zoom: 1; orphans: 2; widows: 2; background-color: #ffffff; font-variant-ligatures: normal; font-variant-caps: normal; -webkit-text-stroke-width: 0px; text-decoration-style: initial; text-decoration-color: initial;\">No m\u00eas de mar\u00e7o, ser\u00e1 a vez do propriet\u00e1rio com placa de ve\u00edculo final 3, mas dever\u00e1 realizar o pagamento antecipado no dia 29 de mar\u00e7o para evitar pagar juros e multas ou perder o desconto na op\u00e7\u00e3o \u00e0 vista e, assim, sucessivamente, at\u00e9 o m\u00eas de outubro, quando encerra a op\u00e7\u00e3o do cota \u00fanica ou parcelado, tendo a data limite de pagamento para o \u00faltimo dia \u00fatil do m\u00eas.<\/p>\n<p style=\"margin: 0px 0px 1.62em; padding: 0px; outline: 0px; border: 0px currentColor; color: #555555; text-transform: none; text-indent: 0px; letter-spacing: normal; font-family: 'Open Sans', sans-serif; font-size: 15px; font-style: normal; font-weight: 400; word-spacing: 0px; vertical-align: baseline; white-space: normal; -ms-zoom: 1; orphans: 2; widows: 2; background-color: #ffffff; font-variant-ligatures: normal; font-variant-caps: normal; -webkit-text-stroke-width: 0px; text-decoration-style: initial; text-decoration-color: initial;\">O contribuinte ter\u00e1 tr\u00eas op\u00e7\u00f5es de pagamento do IPVA. Al\u00e9m da cota \u00fanica \u00e0 vista com desconto de 10%, as outras duas alternativas s\u00e3o o parcelamento em tr\u00eas vezes do tributo ou pagamento total ao final do terceiro m\u00eas sem desconto.<\/p>\n<p style=\"margin: 0px 0px 1.62em; padding: 0px; outline: 0px; border: 0px currentColor; color: #555555; text-transform: none; text-indent: 0px; letter-spacing: normal; font-family: 'Open Sans', sans-serif; font-size: 15px; font-style: normal; font-weight: 400; word-spacing: 0px; vertical-align: baseline; white-space: normal; -ms-zoom: 1; orphans: 2; widows: 2; background-color: #ffffff; font-variant-ligatures: normal; font-variant-caps: normal; -webkit-text-stroke-width: 0px; text-decoration-style: initial; text-decoration-color: initial;\"><strong>Impress\u00e3o dos boletos via portais<\/strong><\/p>\n<p style=\"margin: 0px 0px 1.62em; padding: 0px; outline: 0px; border: 0px currentColor; color: #555555; text-transform: none; text-indent: 0px; letter-spacing: normal; font-family: 'Open Sans', sans-serif; font-size: 15px; font-style: normal; font-weight: 400; word-spacing: 0px; vertical-align: baseline; white-space: normal; -ms-zoom: 1; orphans: 2; widows: 2; background-color: #ffffff; font-variant-ligatures: normal; font-variant-caps: normal; -webkit-text-stroke-width: 0px; text-decoration-style: initial; text-decoration-color: initial;\">Os boletos do IPVA\/licenciamento dever\u00e3o ser impressos por meio da internet. O boleto estar\u00e1 disponibilizado no portal da Secretaria de Estado da Receita: www.receita.pb.gov.br, mas tamb\u00e9m do Detran-PB: http:\/\/www.detran.pb.gov.br\/. O boleto poder\u00e1 ser impresso, preferencialmente, em uma reparti\u00e7\u00e3o fiscal (Recebedoria de Renda ou Coletoria) ou ent\u00e3o nas unidades do Detran-PB. O pagamento deve ser efetuado nas ag\u00eancias do banco Bradesco, no servi\u00e7o de autoatendimento, ou de forma mais pr\u00e1tica no mobile banking \u2013 aplicativo dispon\u00edvel pelo Bradesco para aparelhos m\u00f3veis como smartphones.<\/p>\n<p style=\"margin: 0px 0px 1.62em; padding: 0px; outline: 0px; border: 0px currentColor; color: #555555; text-transform: none; text-indent: 0px; letter-spacing: normal; font-family: 'Open Sans', sans-serif; font-size: 15px; font-style: normal; font-weight: 400; word-spacing: 0px; vertical-align: baseline; white-space: normal; -ms-zoom: 1; orphans: 2; widows: 2; background-color: #ffffff; font-variant-ligatures: normal; font-variant-caps: normal; -webkit-text-stroke-width: 0px; text-decoration-style: initial; text-decoration-color: initial;\">Portal Correio<\/p>\n","protected":false},"excerpt":{"rendered":"<p>Os propriet\u00e1rios de ve\u00edculos na Para\u00edba j\u00e1 podem consultar o valor do IPVA (Imposto sobre a Propriedade de Ve\u00edculos Automotores) do exerc\u00edcio 2019. A Secretaria&hellip; <\/p>\n","protected":false},"author":1,"featured_media":35104,"comment_status":"closed","ping_status":"closed","sticky":false,"template":"","format":"standard","meta":{"sfsi_plus_gutenberg_text_before_share":"","sfsi_plus_gutenberg_show_text_before_share":"","sfsi_plus_gutenberg_icon_type":"","sfsi_plus_gutenberg_icon_alignemt":"","sfsi_plus_gutenburg_max_per_row":"","footnotes":""},"categories":[50,2],"tags":[],"class_list":["post-77849","post","type-post","status-publish","format-standard","has-post-thumbnail","hentry","category-destaque","category-geral"],"_links":{"self":[{"href":"https:\/\/www.caririemacao.com\/1\/wp-json\/wp\/v2\/posts\/77849","targetHints":{"allow":["GET"]}}],"collection":[{"href":"https:\/\/www.caririemacao.com\/1\/wp-json\/wp\/v2\/posts"}],"about":[{"href":"https:\/\/www.caririemacao.com\/1\/wp-json\/wp\/v2\/types\/post"}],"author":[{"embeddable":true,"href":"https:\/\/www.caririemacao.com\/1\/wp-json\/wp\/v2\/users\/1"}],"replies":[{"embeddable":true,"href":"https:\/\/www.caririemacao.com\/1\/wp-json\/wp\/v2\/comments?post=77849"}],"version-history":[{"count":1,"href":"https:\/\/www.caririemacao.com\/1\/wp-json\/wp\/v2\/posts\/77849\/revisions"}],"predecessor-version":[{"id":77850,"href":"https:\/\/www.caririemacao.com\/1\/wp-json\/wp\/v2\/posts\/77849\/revisions\/77850"}],"wp:featuredmedia":[{"embeddable":true,"href":"https:\/\/www.caririemacao.com\/1\/wp-json\/wp\/v2\/media\/35104"}],"wp:attachment":[{"href":"https:\/\/www.caririemacao.com\/1\/wp-json\/wp\/v2\/media?parent=77849"}],"wp:term":[{"taxonomy":"category","embeddable":true,"href":"https:\/\/www.caririemacao.com\/1\/wp-json\/wp\/v2\/categories?post=77849"},{"taxonomy":"post_tag","embeddable":true,"href":"https:\/\/www.caririemacao.com\/1\/wp-json\/wp\/v2\/tags?post=77849"}],"curies":[{"name":"wp","href":"https:\/\/api.w.org\/{rel}","templated":true}]}}