{"id":77851,"date":"2018-12-22T15:40:05","date_gmt":"2018-12-22T18:40:05","guid":{"rendered":"http:\/\/www.caririemacao.com\/1\/?p=77851"},"modified":"2018-12-22T15:40:05","modified_gmt":"2018-12-22T18:40:05","slug":"ninao-tem-infeccao-no-osso-esta-desempregado-e-pede-bota-ortopedica-e-cadeira-de-rodas","status":"publish","type":"post","link":"https:\/\/www.caririemacao.com\/1\/2018\/12\/22\/ninao-tem-infeccao-no-osso-esta-desempregado-e-pede-bota-ortopedica-e-cadeira-de-rodas\/","title":{"rendered":"Nin\u00e3o tem infec\u00e7\u00e3o no osso, est\u00e1 desempregado e pede bota ortop\u00e9dica e cadeira de rodas"},"content":{"rendered":"<p>Com 33 anos de idade e 2,37 metros de altura, Joelison Fernandes, o Nin\u00e3o, enfrenta dificuldades financeiras e um problema de sa\u00fade na perna. Ele foi diagnosticado h\u00e1 quatro meses com uma \u00falcera que evoluiu para uma infec\u00e7\u00e3o no osso do calcanhar direito. O gigante paraibano que mora em Assun\u00e7\u00e3o est\u00e1 internado desde o dia 11 de dezembro no Hospital Universit\u00e1rio Alcides Carneiro, em Campina Grande.Os m\u00e9dicos ainda avaliam qual doen\u00e7a o acometeu, mas suspeitam de osteomielite, que\u00a0\u00e9 uma inflama\u00e7\u00e3o causada por infec\u00e7\u00e3o bacteriana ou f\u00fangica nos ossos. Al\u00e9m disso, Nin\u00e3o teria o que \u00e9 chamado de \u201cp\u00e9 de Charcot\u201d, que \u00e9 o p\u00e9 torto e sem sensibilidade. O\u00a0problema \u00e9 causado por faturas e deslocamentos dos ossos dos p\u00e9s e\u00a0tornozelo resultantes de pequenos traumatismos.<\/p>\n<p>Al\u00e9m de toda a dificuldade de sa\u00fade, Nin\u00e3o e a esposa dele est\u00e3o desempregados. O gigante paraibano tem apenas uma aposentadoria pelo INSS que, segundo ele, cobre apenas os altos gastos com medicamentos. Segundo ele, s\u00e3o R$ 500 mensais de custos com rem\u00e9dios para o controle hormonal e do crescimento.<\/p>\n<p>Nin\u00e3o precisa de uma cadeira de rodas, pois vai ter que evitar andar por quatro meses e de uma bota ortop\u00e9dica. Ele faz uma campanha para ter ajuda financeira e conseguir esses equipamentos. Ele disponibiliza o contato (83) 99896-5901 e a conta corrente abaixo para receber as doa\u00e7\u00f5es.<\/p>\n<p>Conta Corrente Banco do Brasil \u2013 Joelison Fernandes da Silva<\/p>\n<p>Ag\u00eancia \u2013 0991-1<\/p>\n<p>Conta Corrente \u2013 12062-6<\/p>\n<p>&nbsp;<\/p>\n<p>ClickPB<\/p>\n","protected":false},"excerpt":{"rendered":"<p>Com 33 anos de idade e 2,37 metros de altura, Joelison Fernandes, o Nin\u00e3o, enfrenta dificuldades financeiras e um problema de sa\u00fade na perna. Ele&hellip; <\/p>\n","protected":false},"author":1,"featured_media":77852,"comment_status":"closed","ping_status":"closed","sticky":false,"template":"","format":"standard","meta":{"sfsi_plus_gutenberg_text_before_share":"","sfsi_plus_gutenberg_show_text_before_share":"","sfsi_plus_gutenberg_icon_type":"","sfsi_plus_gutenberg_icon_alignemt":"","sfsi_plus_gutenburg_max_per_row":"","footnotes":""},"categories":[2],"tags":[],"class_list":["post-77851","post","type-post","status-publish","format-standard","has-post-thumbnail","hentry","category-geral"],"_links":{"self":[{"href":"https:\/\/www.caririemacao.com\/1\/wp-json\/wp\/v2\/posts\/77851","targetHints":{"allow":["GET"]}}],"collection":[{"href":"https:\/\/www.caririemacao.com\/1\/wp-json\/wp\/v2\/posts"}],"about":[{"href":"https:\/\/www.caririemacao.com\/1\/wp-json\/wp\/v2\/types\/post"}],"author":[{"embeddable":true,"href":"https:\/\/www.caririemacao.com\/1\/wp-json\/wp\/v2\/users\/1"}],"replies":[{"embeddable":true,"href":"https:\/\/www.caririemacao.com\/1\/wp-json\/wp\/v2\/comments?post=77851"}],"version-history":[{"count":1,"href":"https:\/\/www.caririemacao.com\/1\/wp-json\/wp\/v2\/posts\/77851\/revisions"}],"predecessor-version":[{"id":77853,"href":"https:\/\/www.caririemacao.com\/1\/wp-json\/wp\/v2\/posts\/77851\/revisions\/77853"}],"wp:featuredmedia":[{"embeddable":true,"href":"https:\/\/www.caririemacao.com\/1\/wp-json\/wp\/v2\/media\/77852"}],"wp:attachment":[{"href":"https:\/\/www.caririemacao.com\/1\/wp-json\/wp\/v2\/media?parent=77851"}],"wp:term":[{"taxonomy":"category","embeddable":true,"href":"https:\/\/www.caririemacao.com\/1\/wp-json\/wp\/v2\/categories?post=77851"},{"taxonomy":"post_tag","embeddable":true,"href":"https:\/\/www.caririemacao.com\/1\/wp-json\/wp\/v2\/tags?post=77851"}],"curies":[{"name":"wp","href":"https:\/\/api.w.org\/{rel}","templated":true}]}}