{"id":77866,"date":"2018-12-22T17:18:36","date_gmt":"2018-12-22T20:18:36","guid":{"rendered":"http:\/\/www.caririemacao.com\/1\/?p=77866"},"modified":"2018-12-22T17:18:36","modified_gmt":"2018-12-22T20:18:36","slug":"bolsonaro-desmente-declaracoes-de-futuro-ministro-sobre-bebidas","status":"publish","type":"post","link":"https:\/\/www.caririemacao.com\/1\/2018\/12\/22\/bolsonaro-desmente-declaracoes-de-futuro-ministro-sobre-bebidas\/","title":{"rendered":"Bolsonaro desmente declara\u00e7\u00f5es de futuro ministro sobre bebidas"},"content":{"rendered":"<p>O presidente eleito Jair Bolsonaro desmentiu as declara\u00e7\u00f5es de Osmar Terra (MDB-RS) sobre limitar a venda de bebidas alco\u00f3licas no pa\u00eds.\u00a0Em entrevista ao jornal \u201cO Globo\u201d, publicada nesta sexta-feira (21), o futuro ministro da Cidadania afirmou que est\u00e1 discutindo um projeto para regular o hor\u00e1rio de venda destes produtos no pa\u00eds e que j\u00e1 havia conversado sobre o assunto com o capit\u00e3o reformado.<\/p>\n<p>\u201c\u00c9, a gente est\u00e1 conversando sobre isso. Um projeto integrado com a Justi\u00e7a. \u00c9 um assunto que estamos discutindo, mas ainda n\u00e3o tomamos nenhuma decis\u00e3o a respeito\u201d, disse Osmar ao jornal carioca.<\/p>\n<p>Por\u00e9m, \u00e0 noite, Jair Bolsonaro usou sua conta oficial no Twitter para negar a declara\u00e7\u00e3o do seu futuro ministro da Cidadania. O presidente eleito publicou uma imagem da manchete da entrevista e escreveu \u201cfake news\u201d.<\/p>\n","protected":false},"excerpt":{"rendered":"<p>O presidente eleito Jair Bolsonaro desmentiu as declara\u00e7\u00f5es de Osmar Terra (MDB-RS) sobre limitar a venda de bebidas alco\u00f3licas no pa\u00eds.\u00a0Em entrevista ao jornal \u201cO&hellip; <\/p>\n","protected":false},"author":1,"featured_media":76436,"comment_status":"closed","ping_status":"closed","sticky":false,"template":"","format":"standard","meta":{"sfsi_plus_gutenberg_text_before_share":"","sfsi_plus_gutenberg_show_text_before_share":"","sfsi_plus_gutenberg_icon_type":"","sfsi_plus_gutenberg_icon_alignemt":"","sfsi_plus_gutenburg_max_per_row":"","footnotes":""},"categories":[11],"tags":[],"class_list":["post-77866","post","type-post","status-publish","format-standard","has-post-thumbnail","hentry","category-politica"],"_links":{"self":[{"href":"https:\/\/www.caririemacao.com\/1\/wp-json\/wp\/v2\/posts\/77866","targetHints":{"allow":["GET"]}}],"collection":[{"href":"https:\/\/www.caririemacao.com\/1\/wp-json\/wp\/v2\/posts"}],"about":[{"href":"https:\/\/www.caririemacao.com\/1\/wp-json\/wp\/v2\/types\/post"}],"author":[{"embeddable":true,"href":"https:\/\/www.caririemacao.com\/1\/wp-json\/wp\/v2\/users\/1"}],"replies":[{"embeddable":true,"href":"https:\/\/www.caririemacao.com\/1\/wp-json\/wp\/v2\/comments?post=77866"}],"version-history":[{"count":1,"href":"https:\/\/www.caririemacao.com\/1\/wp-json\/wp\/v2\/posts\/77866\/revisions"}],"predecessor-version":[{"id":77867,"href":"https:\/\/www.caririemacao.com\/1\/wp-json\/wp\/v2\/posts\/77866\/revisions\/77867"}],"wp:featuredmedia":[{"embeddable":true,"href":"https:\/\/www.caririemacao.com\/1\/wp-json\/wp\/v2\/media\/76436"}],"wp:attachment":[{"href":"https:\/\/www.caririemacao.com\/1\/wp-json\/wp\/v2\/media?parent=77866"}],"wp:term":[{"taxonomy":"category","embeddable":true,"href":"https:\/\/www.caririemacao.com\/1\/wp-json\/wp\/v2\/categories?post=77866"},{"taxonomy":"post_tag","embeddable":true,"href":"https:\/\/www.caririemacao.com\/1\/wp-json\/wp\/v2\/tags?post=77866"}],"curies":[{"name":"wp","href":"https:\/\/api.w.org\/{rel}","templated":true}]}}