{"id":77892,"date":"2018-12-23T09:39:09","date_gmt":"2018-12-23T12:39:09","guid":{"rendered":"http:\/\/www.caririemacao.com\/1\/?p=77892"},"modified":"2018-12-23T09:39:09","modified_gmt":"2018-12-23T12:39:09","slug":"prefeitura-de-monteiro-firma-parcerias-junto-ao-programa-social-do-governo-do-estado-procase-pb","status":"publish","type":"post","link":"https:\/\/www.caririemacao.com\/1\/2018\/12\/23\/prefeitura-de-monteiro-firma-parcerias-junto-ao-programa-social-do-governo-do-estado-procase-pb\/","title":{"rendered":"Prefeitura de Monteiro firma parcerias junto ao programa social do governo do estado, PROCASE-PB"},"content":{"rendered":"<p>A Prefeitura Municipal de Monteiro est\u00e1 estreitando cada vez mais os la\u00e7os de coopera\u00e7\u00e3o com o PROCASE, e esta semana foi palco de v\u00e1rias a\u00e7\u00f5es em conjunto com o importante programa social do governo do estado.Em uma das frentes, esta parceria constru\u00edda entre o Procase e Prefeitura de Monteiro tem como intermedi\u00e1ria a Secretaria de Desenvolvimento Social.<\/p>\n<p>Nesta sexta feira houve uma reuni\u00e3o onde a prefeita Anna Lorena enviou a secret\u00e1ria executiva de desenvolvimento social Silvanya Mayer para ouvir as demandas e construir uma agenda positiva de a\u00e7\u00f5es para 2019 no Assentamento dos Dez, uma das comunidades mais carentes de todo o munic\u00edpio.<\/p>\n<p>Tamb\u00e9m nesta sexta-feira, a pr\u00f3pria prefeita Ana Lorena se reuniu em seu gabinete com a equipe do Procase para tratar da implanta\u00e7\u00e3o de 03 dessalinizadores no munic\u00edpio.<\/p>\n<p>Na ocasi\u00e3o, a gestora tamb\u00e9m solicitou ao coordenador do Programa \u00c1gua Doce, Rob Taboka, a recupera\u00e7\u00e3o de dessalinizadores de v\u00e1rias comunidades rurais de Monteiro.<\/p>\n<p>Al\u00e9m da equipe do PROCASE e do programa \u00c1gua Doce, tamb\u00e9m participou da reuni\u00e3o, o secret\u00e1rio municipal de agricultura Alfredo Viana.<\/p>\n<p>&nbsp;<\/p>\n<p>Ascom\/Monteiro<\/p>\n","protected":false},"excerpt":{"rendered":"<p>A Prefeitura Municipal de Monteiro est\u00e1 estreitando cada vez mais os la\u00e7os de coopera\u00e7\u00e3o com o PROCASE, e esta semana foi palco de v\u00e1rias a\u00e7\u00f5es&hellip; <\/p>\n","protected":false},"author":1,"featured_media":77893,"comment_status":"closed","ping_status":"closed","sticky":false,"template":"","format":"standard","meta":{"sfsi_plus_gutenberg_text_before_share":"","sfsi_plus_gutenberg_show_text_before_share":"","sfsi_plus_gutenberg_icon_type":"","sfsi_plus_gutenberg_icon_alignemt":"","sfsi_plus_gutenburg_max_per_row":"","footnotes":""},"categories":[2],"tags":[],"class_list":["post-77892","post","type-post","status-publish","format-standard","has-post-thumbnail","hentry","category-geral"],"_links":{"self":[{"href":"https:\/\/www.caririemacao.com\/1\/wp-json\/wp\/v2\/posts\/77892","targetHints":{"allow":["GET"]}}],"collection":[{"href":"https:\/\/www.caririemacao.com\/1\/wp-json\/wp\/v2\/posts"}],"about":[{"href":"https:\/\/www.caririemacao.com\/1\/wp-json\/wp\/v2\/types\/post"}],"author":[{"embeddable":true,"href":"https:\/\/www.caririemacao.com\/1\/wp-json\/wp\/v2\/users\/1"}],"replies":[{"embeddable":true,"href":"https:\/\/www.caririemacao.com\/1\/wp-json\/wp\/v2\/comments?post=77892"}],"version-history":[{"count":1,"href":"https:\/\/www.caririemacao.com\/1\/wp-json\/wp\/v2\/posts\/77892\/revisions"}],"predecessor-version":[{"id":77894,"href":"https:\/\/www.caririemacao.com\/1\/wp-json\/wp\/v2\/posts\/77892\/revisions\/77894"}],"wp:featuredmedia":[{"embeddable":true,"href":"https:\/\/www.caririemacao.com\/1\/wp-json\/wp\/v2\/media\/77893"}],"wp:attachment":[{"href":"https:\/\/www.caririemacao.com\/1\/wp-json\/wp\/v2\/media?parent=77892"}],"wp:term":[{"taxonomy":"category","embeddable":true,"href":"https:\/\/www.caririemacao.com\/1\/wp-json\/wp\/v2\/categories?post=77892"},{"taxonomy":"post_tag","embeddable":true,"href":"https:\/\/www.caririemacao.com\/1\/wp-json\/wp\/v2\/tags?post=77892"}],"curies":[{"name":"wp","href":"https:\/\/api.w.org\/{rel}","templated":true}]}}