{"id":77896,"date":"2018-12-23T09:41:26","date_gmt":"2018-12-23T12:41:26","guid":{"rendered":"http:\/\/www.caririemacao.com\/1\/?p=77896"},"modified":"2018-12-23T09:41:26","modified_gmt":"2018-12-23T12:41:26","slug":"equipe-economica-de-guedes-tera-nove-nomes-do-governo-temer","status":"publish","type":"post","link":"https:\/\/www.caririemacao.com\/1\/2018\/12\/23\/equipe-economica-de-guedes-tera-nove-nomes-do-governo-temer\/","title":{"rendered":"Equipe econ\u00f4mica de Guedes ter\u00e1 nove nomes do governo Temer"},"content":{"rendered":"<p><!------------------->\u00a0\u00a0\u00a0\u00a0\u00a0\u00a0\u00a0<!--banner-editoria-->\u00a0\u00a0\u00a0\u00a0\u00a0\u00a0\u00a0<!------------------->\u00a0\u00a0\u00a0\u00a0\u00a0\u00a0\u00a0\u00a0\u00a0\u00a0\u00a0\u00a0\u00a0<!------------------->\u00a0\u00a0\u00a0\u00a0\u00a0\u00a0\u00a0<!-------fim--------->\u00a0\u00a0\u00a0\u00a0\u00a0\u00a0\u00a0<!------------------->\u00a0\u00a0\u00a0\u00a0\u00a0\u00a0\u00a0<!--conte\u00fado--><\/p>\n<div class=\"content\">\n<p>O superminist\u00e9rio que cuidar\u00e1 da pol\u00edtica econ\u00f4mica nascer\u00e1 com diversos nomes do governo atual. Secret\u00e1rios, assessores e at\u00e9 ministros da gest\u00e3o Michel Temer ser\u00e3o aproveitados na equipe do futuro ministro Paulo Guedes. A maioria em cargos adjuntos, os quadros atuais ser\u00e3o mantidos no futuro governo por causa do conhecimento da m\u00e1quina p\u00fablica, segundo informa\u00e7\u00f5es da equipe de transi\u00e7\u00e3o.<\/p>\n<p>At\u00e9 agora, oito nomes da equipe econ\u00f4mica atual ser\u00e3o aproveitados no Minist\u00e9rio da Economia e um na diretoria do Banco Central (BC). O levantamento n\u00e3o leva em conta a situa\u00e7\u00e3o de\u00a0Ilan Goldfajn, que continuar\u00e1 \u00e0 frente do BC at\u00e9 a aprova\u00e7\u00e3o, pelo Senado, do nome de\u00a0Roberto Campos Neto, prevista para ocorrer em mar\u00e7o.<\/p>\n<p>Bra\u00e7o direito de Guedes no Minist\u00e9rio da Economia, o secret\u00e1rio executivo Marcelo Guaranys atualmente trabalha no Pal\u00e1cio do Planalto, como subchefe de An\u00e1lise e Acompanhamento de Pol\u00edticas Governamentais da Casa Civil da Presid\u00eancia da Rep\u00fablica. Ele tem experi\u00eancia em outros governos.<\/p>\n<p>De 2011 a 2016, foi diretor-presidente da Ag\u00eancia Nacional de Avia\u00e7\u00e3o Civil (Anac). De 2007 a 2010, ocupou a Diretoria de Regula\u00e7\u00e3o Econ\u00f4mica da Anac e foi assessor especial para Infraestrutura na Casa Civil por seis meses, em 2011.<\/p>\n<p>Entre os secret\u00e1rios especiais da pasta, o futuro secret\u00e1rio especial da Fazenda, Waldery Rodrigues J\u00fanior, estava cedido pelo Senado desde 2016, para um cargo de assessor especial no Minist\u00e9rio da Fazenda. Ele tamb\u00e9m preside o Conselho Fiscal da BB Corretora de Seguros e Administradora de Bens, subsidi\u00e1ria do Banco do Brasil.<\/p>\n<p>Respons\u00e1vel por diversos \u00f3rg\u00e3os hoje vinculados \u00e0 Fazenda e ao Minist\u00e9rio do Planejamento, essa secretaria ter\u00e1 dois nomes da atual equipe econ\u00f4mica reaproveitados no novo governo. O ministro do Planejamento,\u00a0Esteves Colnago, ser\u00e1 o secret\u00e1rio-geral adjunto da Fazenda. O secret\u00e1rio do Tesouro Nacional, Mansueto Almeida, foi mantido no cargo.<\/p>\n<div id=\"attachment_548400\" class=\"wp-caption aligncenter\"><img decoding=\"async\" class=\"wp-image-548400 size-medium lazyload\" data-src=\"https:\/\/paraibaonline.com.br\/wp-content\/uploads\/2018\/12\/paulo-guedes-1-567x378.jpg\" data-srcset=\"https:\/\/paraibaonline.com.br\/wp-content\/uploads\/2018\/12\/paulo-guedes-1-567x378.jpg 567w, https:\/\/paraibaonline.com.br\/wp-content\/uploads\/2018\/12\/paulo-guedes-1.jpg 800w\" alt=\"Foto: Fabio Rodrigues Pozzebom\/Ag\u00eancia Brasil\" src=\"data:image\/svg+xml;base64,PHN2ZyB3aWR0aD0iMSIgaGVpZ2h0PSIxIiB4bWxucz0iaHR0cDovL3d3dy53My5vcmcvMjAwMC9zdmciPjwvc3ZnPg==\" style=\"--smush-placeholder-width: 567px; --smush-placeholder-aspect-ratio: 567\/378;\" \/><\/p>\n<p class=\"wp-caption-text\">Foto: Fabio Rodrigues Pozzebom\/Ag\u00eancia Brasil<\/p>\n<\/div>\n<p><strong>Receita<\/strong><\/p>\n<p>Outra secretaria especial que contar\u00e1 com um nome que atuou no governo atual ser\u00e1 a da Receita, que vai ser ocupada por Marcos Cintra. At\u00e9 o fim de novembro, ele era presidente da Financiadora de Estudos e Projetos (Finep), \u00f3rg\u00e3o vinculado ao Minist\u00e9rio da Ci\u00eancia e Tecnologia.<\/p>\n<p>Cintra, no entanto, dividia-se, desde meados do ano, entre a Finep e a campanha do presidente eleito Jair Bolsonaro, sendo aproveitado na equipe de transi\u00e7\u00e3o. O adjunto de Cintra ser\u00e1 o subsecret\u00e1rio de Arrecada\u00e7\u00e3o e funcion\u00e1rio de carreira da Receita, Jo\u00e3o Paulo Fachada.<\/p>\n<p>O atual n\u00famero dois do Minist\u00e9rio do Planejamento, o secret\u00e1rio executivo Gleisson Cardoso Rubim, tamb\u00e9m ser\u00e1 aproveitado na equipe de Paulo Guedes.<\/p>\n<p>Um dos respons\u00e1veis por coordenar a rotina dos servidores p\u00fablicos federais e por iniciativas para reduzir o custeio (manuten\u00e7\u00e3o) da administra\u00e7\u00e3o p\u00fablica, ele ser\u00e1 o secret\u00e1rio especial adjunto de Desburocratiza\u00e7\u00e3o, Gest\u00e3o e Governo Digital. A secretaria ser\u00e1 comandada por Paulo Uebel, ex-secret\u00e1rio de Gest\u00e3o da prefeitura de S\u00e3o Paulo.<\/p>\n<p><strong>Banco Central e PGFN<\/strong><\/p>\n<p>O atual secret\u00e1rio de Pol\u00edtica Econ\u00f4mica e de Promo\u00e7\u00e3o da Produtividade, Advocacia da Concorr\u00eancia do Minist\u00e9rio da Fazenda, Jo\u00e3o Manoel Pinho de Mello, foi indicado para ocupar a Diretoria de Organiza\u00e7\u00e3o do Sistema Financeiro do Banco Central, que conduz os processos administrativos instaurados pelo BC e acompanha a interven\u00e7\u00e3o e liquida\u00e7\u00e3o de outros bancos. Ele entrar\u00e1 no lugar de Sidnei Corr\u00eaa Marques, que ficar\u00e1 no cargo at\u00e9 o futuro diretor ser aprovado pelo Senado e tomar posse.<\/p>\n<p>Respons\u00e1vel por representar o Poder Executivo em quest\u00f5es fiscais e por inscrever contribuintes na d\u00edvida ativa da Uni\u00e3o, a Procuradoria-Geral da Fazenda Nacional (PGFN) ser\u00e1 chefiada por Jos\u00e9 Levi Mello do Amaral J\u00fanior.<\/p>\n<p>Atual procurador-geral adjunto de Consultoria Tribut\u00e1ria e Previdenci\u00e1ria, Amaral J\u00fanior \u00e9 servidor de carreira da PGFN e foi secret\u00e1rio executivo do Minist\u00e9rio da Justi\u00e7a na gest\u00e3o do ministro Alexandre de Moraes, em 2016 e 2017. O futuro procurador-geral teve o apoio do sindicato da categoria.<\/p>\n<\/div>\n<p>EBC<\/p>\n","protected":false},"excerpt":{"rendered":"<p>\u00a0\u00a0\u00a0\u00a0\u00a0\u00a0\u00a0\u00a0\u00a0\u00a0\u00a0\u00a0\u00a0\u00a0\u00a0\u00a0\u00a0\u00a0\u00a0\u00a0\u00a0\u00a0\u00a0\u00a0\u00a0\u00a0\u00a0\u00a0\u00a0\u00a0\u00a0\u00a0\u00a0\u00a0\u00a0\u00a0\u00a0\u00a0\u00a0\u00a0\u00a0\u00a0\u00a0\u00a0\u00a0\u00a0\u00a0\u00a0 O superminist\u00e9rio que cuidar\u00e1 da pol\u00edtica econ\u00f4mica nascer\u00e1 com diversos nomes do governo atual. Secret\u00e1rios, assessores e at\u00e9 ministros da gest\u00e3o Michel Temer ser\u00e3o&hellip; <\/p>\n","protected":false},"author":1,"featured_media":72471,"comment_status":"closed","ping_status":"closed","sticky":false,"template":"","format":"standard","meta":{"sfsi_plus_gutenberg_text_before_share":"","sfsi_plus_gutenberg_show_text_before_share":"","sfsi_plus_gutenberg_icon_type":"","sfsi_plus_gutenberg_icon_alignemt":"","sfsi_plus_gutenburg_max_per_row":"","footnotes":""},"categories":[11],"tags":[],"class_list":["post-77896","post","type-post","status-publish","format-standard","has-post-thumbnail","hentry","category-politica"],"_links":{"self":[{"href":"https:\/\/www.caririemacao.com\/1\/wp-json\/wp\/v2\/posts\/77896","targetHints":{"allow":["GET"]}}],"collection":[{"href":"https:\/\/www.caririemacao.com\/1\/wp-json\/wp\/v2\/posts"}],"about":[{"href":"https:\/\/www.caririemacao.com\/1\/wp-json\/wp\/v2\/types\/post"}],"author":[{"embeddable":true,"href":"https:\/\/www.caririemacao.com\/1\/wp-json\/wp\/v2\/users\/1"}],"replies":[{"embeddable":true,"href":"https:\/\/www.caririemacao.com\/1\/wp-json\/wp\/v2\/comments?post=77896"}],"version-history":[{"count":1,"href":"https:\/\/www.caririemacao.com\/1\/wp-json\/wp\/v2\/posts\/77896\/revisions"}],"predecessor-version":[{"id":77897,"href":"https:\/\/www.caririemacao.com\/1\/wp-json\/wp\/v2\/posts\/77896\/revisions\/77897"}],"wp:featuredmedia":[{"embeddable":true,"href":"https:\/\/www.caririemacao.com\/1\/wp-json\/wp\/v2\/media\/72471"}],"wp:attachment":[{"href":"https:\/\/www.caririemacao.com\/1\/wp-json\/wp\/v2\/media?parent=77896"}],"wp:term":[{"taxonomy":"category","embeddable":true,"href":"https:\/\/www.caririemacao.com\/1\/wp-json\/wp\/v2\/categories?post=77896"},{"taxonomy":"post_tag","embeddable":true,"href":"https:\/\/www.caririemacao.com\/1\/wp-json\/wp\/v2\/tags?post=77896"}],"curies":[{"name":"wp","href":"https:\/\/api.w.org\/{rel}","templated":true}]}}