{"id":77898,"date":"2018-12-23T09:45:06","date_gmt":"2018-12-23T12:45:06","guid":{"rendered":"http:\/\/www.caririemacao.com\/1\/?p=77898"},"modified":"2018-12-23T09:45:06","modified_gmt":"2018-12-23T12:45:06","slug":"perilima-bate-csp-em-amistoso-visando-paraibano-de-2019","status":"publish","type":"post","link":"https:\/\/www.caririemacao.com\/1\/2018\/12\/23\/perilima-bate-csp-em-amistoso-visando-paraibano-de-2019\/","title":{"rendered":"Perilima bate CSP em amistoso visando Paraibano de 2019"},"content":{"rendered":"<p>A Perilima venceu o CSP por 1 a 0 na tarde deste s\u00e1bado em mais um amistoso de prepara\u00e7\u00e3o dos dois times para a disputa do Campeonato Paraibano de 2019.<\/p>\n<p>A partida foi realizada no campo do Unip\u00ea, em Jo\u00e3o Pessoa, e o gol da vit\u00f3ria da \u00c1guia de Campina foi marcado aos 44 minutos do primeiro tempo, por Cezinha, cobrando falta.<\/p>\n<p>Dono da casa, o Tigre foi escalado pelo t\u00e9cnico Josivaldo Alves com a seguinte forma\u00e7\u00e3o: Wallace, Igor, Gilmar, Felipe Almeida e F\u00e1bio; Gel, Senegal, L\u00e9o Silva e Leandro; L\u00facio Curi\u00f3 e Henrique.<\/p>\n<p>J\u00e1 a Perilima, que vem sendo comandada pelo auxiliar-t\u00e9cnico Dinho \u2013 enquanto o treinador Ricardo Campos n\u00e3o retorna do M\u00e9xico -, entrou em campo com Pantera, Anderson, Thiago Bob, Arlan e Matheus Camargo; Junior Lira, Tib\u00e9rio, Cezinha e Marcelinho Para\u00edba; Nonato e Renatinho.<\/p>\n<p>Perilima e CSP est\u00e3o no mesmo grupo, o B, do Campeonato Paraibano de 2019 e, por isso, n\u00e3o v\u00e3o se enfrentar na primeira fase. \u00c9 que, segundo o regulamento do estadual, na fase classificat\u00f3ria, os times de uma chave enfrentam apenas os da outra, em jogos de idas e volta.<\/p>\n<p>Al\u00e9m da \u00c1guia de Campina e do Tigre de Jo\u00e3o Pessoa, o Grupo B tem ainda Atl\u00e9tico de Cajazeiras, Campinense e Esporte de Patos. Essas cinco equipes v\u00e3o enfrentar, na fase de grupos, apenas advers\u00e1rios que est\u00e3o na Chave A: Botafogo-PB, Nacional de Patos, Serrano-PB, Sousa e Treze.<\/p>\n<p>O Campeonato Paraibano de 2019 come\u00e7a no dia 12 de janeiro (um s\u00e1bado). A Perilima estreia contra o Botafogo-PB, no Almeid\u00e3o, em Jo\u00e3o Pessoa, enquanto que o CSP vai at\u00e9 o Sert\u00e3o enfrentar o Nacional de Patos no Jos\u00e9 Cavalcanti. As duas partidas est\u00e3o marcadas para as 16h.<\/p>\n<p>* Com GEPB<\/p>\n","protected":false},"excerpt":{"rendered":"<p>A Perilima venceu o CSP por 1 a 0 na tarde deste s\u00e1bado em mais um amistoso de prepara\u00e7\u00e3o dos dois times para a disputa&hellip; <\/p>\n","protected":false},"author":1,"featured_media":77899,"comment_status":"closed","ping_status":"closed","sticky":false,"template":"","format":"standard","meta":{"sfsi_plus_gutenberg_text_before_share":"","sfsi_plus_gutenberg_show_text_before_share":"","sfsi_plus_gutenberg_icon_type":"","sfsi_plus_gutenberg_icon_alignemt":"","sfsi_plus_gutenburg_max_per_row":"","footnotes":""},"categories":[13],"tags":[],"class_list":["post-77898","post","type-post","status-publish","format-standard","has-post-thumbnail","hentry","category-esportes"],"_links":{"self":[{"href":"https:\/\/www.caririemacao.com\/1\/wp-json\/wp\/v2\/posts\/77898","targetHints":{"allow":["GET"]}}],"collection":[{"href":"https:\/\/www.caririemacao.com\/1\/wp-json\/wp\/v2\/posts"}],"about":[{"href":"https:\/\/www.caririemacao.com\/1\/wp-json\/wp\/v2\/types\/post"}],"author":[{"embeddable":true,"href":"https:\/\/www.caririemacao.com\/1\/wp-json\/wp\/v2\/users\/1"}],"replies":[{"embeddable":true,"href":"https:\/\/www.caririemacao.com\/1\/wp-json\/wp\/v2\/comments?post=77898"}],"version-history":[{"count":1,"href":"https:\/\/www.caririemacao.com\/1\/wp-json\/wp\/v2\/posts\/77898\/revisions"}],"predecessor-version":[{"id":77900,"href":"https:\/\/www.caririemacao.com\/1\/wp-json\/wp\/v2\/posts\/77898\/revisions\/77900"}],"wp:featuredmedia":[{"embeddable":true,"href":"https:\/\/www.caririemacao.com\/1\/wp-json\/wp\/v2\/media\/77899"}],"wp:attachment":[{"href":"https:\/\/www.caririemacao.com\/1\/wp-json\/wp\/v2\/media?parent=77898"}],"wp:term":[{"taxonomy":"category","embeddable":true,"href":"https:\/\/www.caririemacao.com\/1\/wp-json\/wp\/v2\/categories?post=77898"},{"taxonomy":"post_tag","embeddable":true,"href":"https:\/\/www.caririemacao.com\/1\/wp-json\/wp\/v2\/tags?post=77898"}],"curies":[{"name":"wp","href":"https:\/\/api.w.org\/{rel}","templated":true}]}}