{"id":77906,"date":"2018-12-23T10:08:17","date_gmt":"2018-12-23T13:08:17","guid":{"rendered":"http:\/\/www.caririemacao.com\/1\/?p=77906"},"modified":"2018-12-23T10:08:18","modified_gmt":"2018-12-23T13:08:18","slug":"as-vesperas-da-posse-de-bolsonaro-65-estao-otimistas-com-a-economia","status":"publish","type":"post","link":"https:\/\/www.caririemacao.com\/1\/2018\/12\/23\/as-vesperas-da-posse-de-bolsonaro-65-estao-otimistas-com-a-economia\/","title":{"rendered":"\u00c0s v\u00e9speras da posse de Bolsonaro, 65% est\u00e3o otimistas com a economia"},"content":{"rendered":"<p>A menos de 10 dias da posse de Jair Bolsonaro (PSL) como presidente da Rep\u00fablica, o otimismo dos brasileiros em rela\u00e7\u00e3o \u00e0 economia subiu de 23%, em agosto, para 65% em dezembro. O n\u00famero \u00e9 1 recorde, de acordo com pesquisa\u00a0Datafolha\u00a0divulgada neste domingo (23.dez.2018).<\/p>\n<p>O n\u00famero \u00e9 o mais alto de uma s\u00e9rie hist\u00f3rica iniciada em 1997, quando Fernando Henrique Cardoso (PSDB) era o presidente.<\/p>\n<p>Outros 24%\u00a0pensam que a situa\u00e7\u00e3o econ\u00f4mica vai ficar como est\u00e1 e apenas 9% acham que vai piorar. Eis abaixo:<\/p>\n<p>A pesquisa ouviu 2.077 pessoas. Foi realizada em 130 munic\u00edpios de 18 a 19 de dezembro de 2018. A margem de erro \u00e9 de 2 pontos percentuais. O n\u00edvel de confian\u00e7a \u00e9 de 95%.<\/p>\n<p>Segundo o levantamento, outros 67% acreditam que eles pr\u00f3prios estar\u00e3o melhores economicamente a partir de 2019. \u00c9 1 crescimento significativo em rela\u00e7\u00e3o a agosto, quando 38% dos entrevistados responderam desse jeito.<\/p>\n<p>Esse \u00edndice, registrado em dezembro, fica empatado na margem de erro (2 p.p) com os 68% de mar\u00e7o de 2013, antes de as manifesta\u00e7\u00f5es de junho afundarem a popularidade da ent\u00e3o presidente Dilma Rousseff (PT).<\/p>\n<p><strong>DESEMPREGO<\/strong><\/p>\n<p>O Datafolha tamb\u00e9m questionou os entrevistados sobre a expectativa para o desemprego. Para 47%, a taxa ir\u00e1 cair. Em agosto eram apenas 19%. Outros 29% acham que ir\u00e1 aumentar e 21% dizem acreditar que a seguir\u00e1 a mesma.<\/p>\n<p>Em novembro de 2018, a taxa de desocupa\u00e7\u00e3o registrou a 7\u00aa queda mensal consecutiva e fechou o trimestre encerrado em outubro em 11,7%. Segundo o IBGE (Instituto Brasileiro de Geografia e Estat\u00edstica),\u00a0o desemprego atinge 12,4 milh\u00f5es de brasileiros.<\/p>\n<p>A expectativa positiva registrada em dezembro \u00e9 o maior da s\u00e9rie hist\u00f3rica, iniciada em 1995. Os pontos altos anteriores eram de 41%, em junho de 2003, mar\u00e7o de 2013 e novembro de 2010.<\/p>\n<p>&nbsp;<\/p>\n<p>PODER360<\/p>\n","protected":false},"excerpt":{"rendered":"<p>A menos de 10 dias da posse de Jair Bolsonaro (PSL) como presidente da Rep\u00fablica, o otimismo dos brasileiros em rela\u00e7\u00e3o \u00e0 economia subiu de&hellip; <\/p>\n","protected":false},"author":1,"featured_media":77138,"comment_status":"closed","ping_status":"closed","sticky":false,"template":"","format":"standard","meta":{"sfsi_plus_gutenberg_text_before_share":"","sfsi_plus_gutenberg_show_text_before_share":"","sfsi_plus_gutenberg_icon_type":"","sfsi_plus_gutenberg_icon_alignemt":"","sfsi_plus_gutenburg_max_per_row":"","footnotes":""},"categories":[11],"tags":[],"class_list":["post-77906","post","type-post","status-publish","format-standard","has-post-thumbnail","hentry","category-politica"],"_links":{"self":[{"href":"https:\/\/www.caririemacao.com\/1\/wp-json\/wp\/v2\/posts\/77906","targetHints":{"allow":["GET"]}}],"collection":[{"href":"https:\/\/www.caririemacao.com\/1\/wp-json\/wp\/v2\/posts"}],"about":[{"href":"https:\/\/www.caririemacao.com\/1\/wp-json\/wp\/v2\/types\/post"}],"author":[{"embeddable":true,"href":"https:\/\/www.caririemacao.com\/1\/wp-json\/wp\/v2\/users\/1"}],"replies":[{"embeddable":true,"href":"https:\/\/www.caririemacao.com\/1\/wp-json\/wp\/v2\/comments?post=77906"}],"version-history":[{"count":1,"href":"https:\/\/www.caririemacao.com\/1\/wp-json\/wp\/v2\/posts\/77906\/revisions"}],"predecessor-version":[{"id":77907,"href":"https:\/\/www.caririemacao.com\/1\/wp-json\/wp\/v2\/posts\/77906\/revisions\/77907"}],"wp:featuredmedia":[{"embeddable":true,"href":"https:\/\/www.caririemacao.com\/1\/wp-json\/wp\/v2\/media\/77138"}],"wp:attachment":[{"href":"https:\/\/www.caririemacao.com\/1\/wp-json\/wp\/v2\/media?parent=77906"}],"wp:term":[{"taxonomy":"category","embeddable":true,"href":"https:\/\/www.caririemacao.com\/1\/wp-json\/wp\/v2\/categories?post=77906"},{"taxonomy":"post_tag","embeddable":true,"href":"https:\/\/www.caririemacao.com\/1\/wp-json\/wp\/v2\/tags?post=77906"}],"curies":[{"name":"wp","href":"https:\/\/api.w.org\/{rel}","templated":true}]}}