{"id":77913,"date":"2018-12-23T10:32:10","date_gmt":"2018-12-23T13:32:10","guid":{"rendered":"http:\/\/www.caririemacao.com\/1\/?p=77913"},"modified":"2018-12-23T10:32:54","modified_gmt":"2018-12-23T13:32:54","slug":"lula-vai-passar-o-natal-sozinho-e-sem-ceia","status":"publish","type":"post","link":"https:\/\/www.caririemacao.com\/1\/2018\/12\/23\/lula-vai-passar-o-natal-sozinho-e-sem-ceia\/","title":{"rendered":"Lula vai passar o Natal sozinho e sem ceia"},"content":{"rendered":"<p>Lula vai passar o Natal sozinho na carceragem da Pol\u00edcia Federal em Curitiba.<\/p>\n<p>Ele n\u00e3o ter\u00e1 direito a nenhum privil\u00e9gio; a PF onde Lula cumpre sua pena n\u00e3o autoriza visita de familiares em feriados nem a entrada de comidas especiais.<\/p>\n<p>Diz O Globo:<\/p>\n<p>\u201cA ceia de amanh\u00e3 seguir\u00e1 o card\u00e1pio padr\u00e3o, com arroz, feij\u00e3o, salada e um tipo de carne. Podem completar o menu comidas n\u00e3o perec\u00edveis, como chocolates e frutas secas, levadas pelas visitas.\u201d<\/p>\n<p>&nbsp;<\/p>\n<p>O Antagonista<\/p>\n","protected":false},"excerpt":{"rendered":"<p>Lula vai passar o Natal sozinho na carceragem da Pol\u00edcia Federal em Curitiba. Ele n\u00e3o ter\u00e1 direito a nenhum privil\u00e9gio; a PF onde Lula cumpre&hellip; <\/p>\n","protected":false},"author":1,"featured_media":48143,"comment_status":"closed","ping_status":"closed","sticky":false,"template":"","format":"standard","meta":{"sfsi_plus_gutenberg_text_before_share":"","sfsi_plus_gutenberg_show_text_before_share":"","sfsi_plus_gutenberg_icon_type":"","sfsi_plus_gutenberg_icon_alignemt":"","sfsi_plus_gutenburg_max_per_row":"","footnotes":""},"categories":[50,11],"tags":[],"class_list":["post-77913","post","type-post","status-publish","format-standard","has-post-thumbnail","hentry","category-destaque","category-politica"],"_links":{"self":[{"href":"https:\/\/www.caririemacao.com\/1\/wp-json\/wp\/v2\/posts\/77913","targetHints":{"allow":["GET"]}}],"collection":[{"href":"https:\/\/www.caririemacao.com\/1\/wp-json\/wp\/v2\/posts"}],"about":[{"href":"https:\/\/www.caririemacao.com\/1\/wp-json\/wp\/v2\/types\/post"}],"author":[{"embeddable":true,"href":"https:\/\/www.caririemacao.com\/1\/wp-json\/wp\/v2\/users\/1"}],"replies":[{"embeddable":true,"href":"https:\/\/www.caririemacao.com\/1\/wp-json\/wp\/v2\/comments?post=77913"}],"version-history":[{"count":1,"href":"https:\/\/www.caririemacao.com\/1\/wp-json\/wp\/v2\/posts\/77913\/revisions"}],"predecessor-version":[{"id":77914,"href":"https:\/\/www.caririemacao.com\/1\/wp-json\/wp\/v2\/posts\/77913\/revisions\/77914"}],"wp:featuredmedia":[{"embeddable":true,"href":"https:\/\/www.caririemacao.com\/1\/wp-json\/wp\/v2\/media\/48143"}],"wp:attachment":[{"href":"https:\/\/www.caririemacao.com\/1\/wp-json\/wp\/v2\/media?parent=77913"}],"wp:term":[{"taxonomy":"category","embeddable":true,"href":"https:\/\/www.caririemacao.com\/1\/wp-json\/wp\/v2\/categories?post=77913"},{"taxonomy":"post_tag","embeddable":true,"href":"https:\/\/www.caririemacao.com\/1\/wp-json\/wp\/v2\/tags?post=77913"}],"curies":[{"name":"wp","href":"https:\/\/api.w.org\/{rel}","templated":true}]}}