{"id":77969,"date":"2018-12-24T07:51:35","date_gmt":"2018-12-24T10:51:35","guid":{"rendered":"http:\/\/www.caririemacao.com\/1\/?p=77969"},"modified":"2018-12-24T07:51:35","modified_gmt":"2018-12-24T10:51:35","slug":"em-dois-dias-de-operacao-prf-flagra-945-motoristas-acima-da-velocidade-na-pb","status":"publish","type":"post","link":"https:\/\/www.caririemacao.com\/1\/2018\/12\/24\/em-dois-dias-de-operacao-prf-flagra-945-motoristas-acima-da-velocidade-na-pb\/","title":{"rendered":"Em dois dias de opera\u00e7\u00e3o, PRF flagra 945 motoristas acima da velocidade, na PB"},"content":{"rendered":"<p class=\"content-text__container theme-color-primary-first-letter\" data-track-category=\"Link no Texto\" data-track-links=\"\">Nos dois primeiros dias da Opera\u00e7\u00e3o Fim de Ano na Para\u00edba, os radares da Pol\u00edcia Rodovi\u00e1ria Federal (PRF) flagraram 945 motoristas trafegando acima da velocidade permitida da via nas BRs 101 e 230, em Jo\u00e3o Pessoa.<\/p>\n<div class=\"wall protected-content\">\n<div class=\"mc-column content-text active-extra-styles \" data-block-type=\"unstyled\" data-block-weight=\"60\" data-block-id=\"3\">\n<p class=\"content-text__container \" data-track-category=\"Link no Texto\" data-track-links=\"\">Em um dos casos, segundo a pol\u00edcia, o motorista estava a 174 km\/h na BR-101, em um trecho onde a velocidade m\u00e1xima permitida \u00e9 de 100 km\/h. Segundo a PRF, esta \u00e9 uma infra\u00e7\u00e3o grav\u00edssima, com multa no valor de R$ 880 e 7 pontos na carteira, com suspens\u00e3o imediata do direito de dirigir e apreens\u00e3o do documento de habilita\u00e7\u00e3o.<\/p>\n<p class=\"content-text__container \" data-track-category=\"Link no Texto\" data-track-links=\"\"><span class=\"td-adspot-title\">A fiscaliza\u00e7\u00e3o faz parte da Opera\u00e7\u00e3o Fim de Ano. Segundo a PRF, os agentes v\u00e3o refor\u00e7ar a fiscaliza\u00e7\u00e3o e o policiamento nas rodovias federais de maior movimento do estado, com o objetivo de aumentar a sensa\u00e7\u00e3o de seguran\u00e7a e diminuir o risco de acidentes e mortes.<\/span><\/p>\n<\/div>\n<div data-track-category=\"fim do conteudo\" data-track-action=\"ultimo chunk conteudo\" data-track-noninteraction=\"false\" data-track-scroll=\"entrada completa viewport\">\n<div class=\"mc-column content-text active-extra-styles \" data-block-type=\"unstyled\" data-block-weight=\"39\" data-block-id=\"5\">\n<p class=\"content-text__container \" data-track-category=\"Link no Texto\" data-track-links=\"\">Os policiais rodovi\u00e1rios tamb\u00e9m dever\u00e3o dar aten\u00e7\u00e3o especial aos condutores de motocicletas e aos motoristas que fazem uso do celular enquanto dirigem, al\u00e9m do uso do cinto de seguran\u00e7a e das cadeirinhas e outros dispositivos para seguran\u00e7a das crian\u00e7as.<\/p>\n<p data-track-category=\"Link no Texto\" data-track-links=\"\">\n<p class=\"content-text__container \" data-track-category=\"Link no Texto\" data-track-links=\"\">G1\/PB<\/p>\n<\/div>\n<\/div>\n<\/div>\n","protected":false},"excerpt":{"rendered":"<p>Nos dois primeiros dias da Opera\u00e7\u00e3o Fim de Ano na Para\u00edba, os radares da Pol\u00edcia Rodovi\u00e1ria Federal (PRF) flagraram 945 motoristas trafegando acima da velocidade&hellip; <\/p>\n","protected":false},"author":1,"featured_media":77970,"comment_status":"closed","ping_status":"closed","sticky":false,"template":"","format":"standard","meta":{"sfsi_plus_gutenberg_text_before_share":"","sfsi_plus_gutenberg_show_text_before_share":"","sfsi_plus_gutenberg_icon_type":"","sfsi_plus_gutenberg_icon_alignemt":"","sfsi_plus_gutenburg_max_per_row":"","footnotes":""},"categories":[12],"tags":[],"class_list":["post-77969","post","type-post","status-publish","format-standard","has-post-thumbnail","hentry","category-policia"],"_links":{"self":[{"href":"https:\/\/www.caririemacao.com\/1\/wp-json\/wp\/v2\/posts\/77969","targetHints":{"allow":["GET"]}}],"collection":[{"href":"https:\/\/www.caririemacao.com\/1\/wp-json\/wp\/v2\/posts"}],"about":[{"href":"https:\/\/www.caririemacao.com\/1\/wp-json\/wp\/v2\/types\/post"}],"author":[{"embeddable":true,"href":"https:\/\/www.caririemacao.com\/1\/wp-json\/wp\/v2\/users\/1"}],"replies":[{"embeddable":true,"href":"https:\/\/www.caririemacao.com\/1\/wp-json\/wp\/v2\/comments?post=77969"}],"version-history":[{"count":1,"href":"https:\/\/www.caririemacao.com\/1\/wp-json\/wp\/v2\/posts\/77969\/revisions"}],"predecessor-version":[{"id":77971,"href":"https:\/\/www.caririemacao.com\/1\/wp-json\/wp\/v2\/posts\/77969\/revisions\/77971"}],"wp:featuredmedia":[{"embeddable":true,"href":"https:\/\/www.caririemacao.com\/1\/wp-json\/wp\/v2\/media\/77970"}],"wp:attachment":[{"href":"https:\/\/www.caririemacao.com\/1\/wp-json\/wp\/v2\/media?parent=77969"}],"wp:term":[{"taxonomy":"category","embeddable":true,"href":"https:\/\/www.caririemacao.com\/1\/wp-json\/wp\/v2\/categories?post=77969"},{"taxonomy":"post_tag","embeddable":true,"href":"https:\/\/www.caririemacao.com\/1\/wp-json\/wp\/v2\/tags?post=77969"}],"curies":[{"name":"wp","href":"https:\/\/api.w.org\/{rel}","templated":true}]}}