{"id":77974,"date":"2018-12-24T07:59:00","date_gmt":"2018-12-24T10:59:00","guid":{"rendered":"http:\/\/www.caririemacao.com\/1\/?p=77974"},"modified":"2018-12-24T07:59:00","modified_gmt":"2018-12-24T10:59:00","slug":"concurso-prefeituras-oferecem-269-vagas-com-salarios-de-ate-r-43-mil-na-paraiba","status":"publish","type":"post","link":"https:\/\/www.caririemacao.com\/1\/2018\/12\/24\/concurso-prefeituras-oferecem-269-vagas-com-salarios-de-ate-r-43-mil-na-paraiba\/","title":{"rendered":"Concurso: prefeituras oferecem 269 vagas com sal\u00e1rios de at\u00e9 R$ 4,3 mil na Para\u00edba"},"content":{"rendered":"<p class=\"content-text__container theme-color-primary-first-letter\" data-track-category=\"Link no Texto\">Dois editais de concursos para prefeituras oferecem 269 vagas de emprego na Para\u00edba nesta semana de 23 a 30 de dezembro.<\/p>\n<div class=\"wall protected-content\">\n<div class=\"mc-column content-text active-extra-styles\" data-block-type=\"raw\" data-block-weight=\"8\" data-block-id=\"3\">\n<div class=\"content-intertitle\">\n<h2><a href=\"https:\/\/g1.globo.com\/pb\/paraiba\/noticia\/2018\/12\/10\/divulgado-edital-e-abertas-inscricoes-no-concurso-da-prefeitura-de-sao-sebastiao-do-umbuzeiro-pb.ghtml\">Concurso da Prefeitura de S\u00e3o Sebasti\u00e3o do Umbuzeiro<\/a><\/h2>\n<\/div>\n<\/div>\n<div class=\"mc-column content-text active-extra-styles\" data-block-type=\"raw\" data-block-weight=\"61\" data-block-id=\"4\">\n<ul class=\"content-unordered-list\">\n<li>Vagas: 42<\/li>\n<li>N\u00edveis: fundamental, m\u00e9dio e t\u00e9cnico<\/li>\n<li>Sal\u00e1rios: R$ 954 a R$ 4.368<\/li>\n<li>Prazo de inscri\u00e7\u00e3o: at\u00e9 10 de janeiro de 2019<\/li>\n<li>Local de inscri\u00e7\u00e3o: <a href=\"https:\/\/www.consulpam.com.br\/index.php?menu=concursos&amp;acao=ver&amp;id=154\" target=\"_blank\" rel=\"noopener\">site da organizadora, Consulpam<\/a><\/li>\n<li>Taxas de inscri\u00e7\u00e3o: R$ 70 (n\u00edvel fundamental), R$ 75 (n\u00edvel m\u00e9dio\/t\u00e9cnico) e R$ 100 (n\u00edvel superior)<\/li>\n<li>Provas: 17 de mar\u00e7o de 2019<\/li>\n<li><a href=\"https:\/\/www.consulpam.com.br\/arquivos\/20181210_085409_Edital-S%C3%83O%20SEBASTI%C3%83O%20DO%20UMBUZEIRO.pdf\" target=\"_blank\" rel=\"noopener\">Edital do concurso da Prefeitura de S\u00e3o Sebasti\u00e3o do Umbuzeiro<\/a><\/li>\n<\/ul>\n<\/div>\n<div class=\"mc-column content-text active-extra-styles\" data-block-type=\"raw\" data-block-weight=\"5\" data-block-id=\"5\">\n<div class=\"content-intertitle\">\n<h2><a href=\"https:\/\/g1.globo.com\/pb\/paraiba\/noticia\/2018\/12\/21\/concurso-da-prefeitura-de-conceicao-pb-tem-prazo-de-inscricao-ampliado.ghtml\">Concurso da Prefeitura de Concei\u00e7\u00e3o<\/a><\/h2>\n<\/div>\n<\/div>\n<div data-track-category=\"fim do conteudo\" data-track-action=\"ultimo chunk conteudo\" data-track-noninteraction=\"false\" data-track-scroll=\"entrada completa viewport\">\n<div class=\"mc-column content-text active-extra-styles\" data-block-type=\"raw\" data-block-weight=\"59\" data-block-id=\"6\">\n<ul class=\"content-unordered-list\">\n<li>Vagas: 227<\/li>\n<li>N\u00edveis: fundamental, m\u00e9dio e t\u00e9cnico<\/li>\n<li>Sal\u00e1rios: R$ 954 a R$ 4 mil<\/li>\n<li>Prazo de inscri\u00e7\u00e3o: at\u00e9 18 de janeiro de 2019<\/li>\n<li>Local de inscri\u00e7\u00e3o: <a href=\"http:\/\/www.contemaxconsultoria.com.br\/site\/concursos-em-andamento\/prefeitura-municipal-de-conceicao\" target=\"_blank\" rel=\"noopener\">site da organizadora, Contemax<\/a><\/li>\n<li>Taxas de inscri\u00e7\u00e3o: R$ 40 (n\u00edvel fundamental), R$ 60 (n\u00edvel m\u00e9dio\/t\u00e9cnico) e R$ 80 (n\u00edvel superior)<\/li>\n<li>Provas: 17 de fevereiro de 2019<\/li>\n<li><a href=\"http:\/\/www.contemaxconsultoria.com.br\/site\/wp-content\/uploads\/2018\/11\/EDITAL-DE-RETIFICA%C3%87%C3%83O-N.%C2%BA-003.pdf\" target=\"_blank\" rel=\"noopener\">Edital do concurso da Prefeitura de Concei\u00e7\u00e3o<\/a><\/li>\n<\/ul>\n<\/div>\n<\/div>\n<\/div>\n<p class=\"noticia_fonte\">G1<\/p>\n","protected":false},"excerpt":{"rendered":"<p>Dois editais de concursos para prefeituras oferecem 269 vagas de emprego na Para\u00edba nesta semana de 23 a 30 de dezembro. Concurso da Prefeitura de&hellip; <\/p>\n","protected":false},"author":1,"featured_media":4722,"comment_status":"closed","ping_status":"closed","sticky":false,"template":"","format":"standard","meta":{"sfsi_plus_gutenberg_text_before_share":"","sfsi_plus_gutenberg_show_text_before_share":"","sfsi_plus_gutenberg_icon_type":"","sfsi_plus_gutenberg_icon_alignemt":"","sfsi_plus_gutenburg_max_per_row":"","footnotes":""},"categories":[6],"tags":[],"class_list":["post-77974","post","type-post","status-publish","format-standard","has-post-thumbnail","hentry","category-cidades"],"_links":{"self":[{"href":"https:\/\/www.caririemacao.com\/1\/wp-json\/wp\/v2\/posts\/77974","targetHints":{"allow":["GET"]}}],"collection":[{"href":"https:\/\/www.caririemacao.com\/1\/wp-json\/wp\/v2\/posts"}],"about":[{"href":"https:\/\/www.caririemacao.com\/1\/wp-json\/wp\/v2\/types\/post"}],"author":[{"embeddable":true,"href":"https:\/\/www.caririemacao.com\/1\/wp-json\/wp\/v2\/users\/1"}],"replies":[{"embeddable":true,"href":"https:\/\/www.caririemacao.com\/1\/wp-json\/wp\/v2\/comments?post=77974"}],"version-history":[{"count":1,"href":"https:\/\/www.caririemacao.com\/1\/wp-json\/wp\/v2\/posts\/77974\/revisions"}],"predecessor-version":[{"id":77975,"href":"https:\/\/www.caririemacao.com\/1\/wp-json\/wp\/v2\/posts\/77974\/revisions\/77975"}],"wp:featuredmedia":[{"embeddable":true,"href":"https:\/\/www.caririemacao.com\/1\/wp-json\/wp\/v2\/media\/4722"}],"wp:attachment":[{"href":"https:\/\/www.caririemacao.com\/1\/wp-json\/wp\/v2\/media?parent=77974"}],"wp:term":[{"taxonomy":"category","embeddable":true,"href":"https:\/\/www.caririemacao.com\/1\/wp-json\/wp\/v2\/categories?post=77974"},{"taxonomy":"post_tag","embeddable":true,"href":"https:\/\/www.caririemacao.com\/1\/wp-json\/wp\/v2\/tags?post=77974"}],"curies":[{"name":"wp","href":"https:\/\/api.w.org\/{rel}","templated":true}]}}