{"id":77976,"date":"2018-12-24T08:01:55","date_gmt":"2018-12-24T11:01:55","guid":{"rendered":"http:\/\/www.caririemacao.com\/1\/?p=77976"},"modified":"2018-12-24T08:01:55","modified_gmt":"2018-12-24T11:01:55","slug":"cachorro-morre-asfixiado-em-porta-malas-de-onibus-em-viagem-de-sousa-a-jp","status":"publish","type":"post","link":"https:\/\/www.caririemacao.com\/1\/2018\/12\/24\/cachorro-morre-asfixiado-em-porta-malas-de-onibus-em-viagem-de-sousa-a-jp\/","title":{"rendered":"Cachorro morre asfixiado em porta-malas de \u00f4nibus em viagem de Sousa a JP"},"content":{"rendered":"<p>Um cachorro da ra\u00e7a buldogue morreu durante uma viagem de Souza a Jo\u00e3o Pessoa neste domingo (23).<\/p>\n<p>A dona do animal veio passar as festas de final de ano com a fam\u00edlia na Capital e tentou comprar uma passagem extra para transportar o cachorro no assento, mas a empresa se negou e colocou o animal no porta-malas.<\/p>\n<p>O cachorro acabou morrendo asfixiado e a fam\u00edlia pede justi\u00e7a.<\/p>\n<p class=\"noticia_fonte\">\n<strong> Mar\u00edlia Domingues \/ Fl\u00e1vio Fernandes<\/strong><\/p>\n","protected":false},"excerpt":{"rendered":"<p>Um cachorro da ra\u00e7a buldogue morreu durante uma viagem de Souza a Jo\u00e3o Pessoa neste domingo (23). A dona do animal veio passar as festas&hellip; <\/p>\n","protected":false},"author":1,"featured_media":77977,"comment_status":"closed","ping_status":"closed","sticky":false,"template":"","format":"standard","meta":{"sfsi_plus_gutenberg_text_before_share":"","sfsi_plus_gutenberg_show_text_before_share":"","sfsi_plus_gutenberg_icon_type":"","sfsi_plus_gutenberg_icon_alignemt":"","sfsi_plus_gutenburg_max_per_row":"","footnotes":""},"categories":[50,12],"tags":[],"class_list":["post-77976","post","type-post","status-publish","format-standard","has-post-thumbnail","hentry","category-destaque","category-policia"],"_links":{"self":[{"href":"https:\/\/www.caririemacao.com\/1\/wp-json\/wp\/v2\/posts\/77976","targetHints":{"allow":["GET"]}}],"collection":[{"href":"https:\/\/www.caririemacao.com\/1\/wp-json\/wp\/v2\/posts"}],"about":[{"href":"https:\/\/www.caririemacao.com\/1\/wp-json\/wp\/v2\/types\/post"}],"author":[{"embeddable":true,"href":"https:\/\/www.caririemacao.com\/1\/wp-json\/wp\/v2\/users\/1"}],"replies":[{"embeddable":true,"href":"https:\/\/www.caririemacao.com\/1\/wp-json\/wp\/v2\/comments?post=77976"}],"version-history":[{"count":1,"href":"https:\/\/www.caririemacao.com\/1\/wp-json\/wp\/v2\/posts\/77976\/revisions"}],"predecessor-version":[{"id":77978,"href":"https:\/\/www.caririemacao.com\/1\/wp-json\/wp\/v2\/posts\/77976\/revisions\/77978"}],"wp:featuredmedia":[{"embeddable":true,"href":"https:\/\/www.caririemacao.com\/1\/wp-json\/wp\/v2\/media\/77977"}],"wp:attachment":[{"href":"https:\/\/www.caririemacao.com\/1\/wp-json\/wp\/v2\/media?parent=77976"}],"wp:term":[{"taxonomy":"category","embeddable":true,"href":"https:\/\/www.caririemacao.com\/1\/wp-json\/wp\/v2\/categories?post=77976"},{"taxonomy":"post_tag","embeddable":true,"href":"https:\/\/www.caririemacao.com\/1\/wp-json\/wp\/v2\/tags?post=77976"}],"curies":[{"name":"wp","href":"https:\/\/api.w.org\/{rel}","templated":true}]}}