{"id":77979,"date":"2018-12-24T08:22:09","date_gmt":"2018-12-24T11:22:09","guid":{"rendered":"http:\/\/www.caririemacao.com\/1\/?p=77979"},"modified":"2018-12-24T08:22:09","modified_gmt":"2018-12-24T11:22:09","slug":"missa-de-natal-do-papa-francisco-sera-transmitida-em-4k-veja-onde-assistir","status":"publish","type":"post","link":"https:\/\/www.caririemacao.com\/1\/2018\/12\/24\/missa-de-natal-do-papa-francisco-sera-transmitida-em-4k-veja-onde-assistir\/","title":{"rendered":"Missa de Natal do Papa Francisco ser\u00e1 transmitida em 4K; veja onde assistir"},"content":{"rendered":"<p class=\"selectionShareable\">A missa de Natal celebrada pelo papa Francisco na Bas\u00edlica de S\u00e3o Pedro, na segunda-feira (24), no Vaticano, ser\u00e1 transmitida em resolu\u00e7\u00e3o 4K.<\/p>\n<p class=\"selectionShareable\">&#8220;Com o objetivo de compartilhar a cerim\u00f4nia a n\u00edvel mundial na imprensa, as institui\u00e7\u00f5es de comunica\u00e7\u00e3o do Vaticano prepararam uma estrutura capaz de responder aos mais modernos desafios tecnol\u00f3gicos, mas sem prejudicar as exig\u00eancias das \u00e1reas do mundo menos evolu\u00eddas do ponto de vista t\u00e9cnico&#8221;, informou a Santa S\u00e9.<\/p>\n<p class=\"selectionShareable\">&#8220;Para satisfazer as demandas dos <em>broadcaster<\/em> mais avan\u00e7ados, o<em> Vatican Media<\/em> e o Dicast\u00e9rio para a Comunica\u00e7\u00e3o realizar\u00e3o a capta\u00e7\u00e3o da cerim\u00f4nia em formato 4K HDR, que permite um alt\u00edssimo n\u00edvel qualitativo das imagens&#8221;, ressaltou o comunicado.<\/p>\n<p class=\"selectionShareable\">No entanto, o Vaticano ressaltou que tamb\u00e9m ser\u00e3o instaladas c\u00e2meras por dentro da Bas\u00edlica de S\u00e3o Pedro para capta\u00e7\u00e3o nos formados de Alta Defini\u00e7\u00e3o (HD) e Defini\u00e7\u00e3o Standard (SD).<\/p>\n<p class=\"selectionShareable\">A transmiss\u00e3o ao vivo da missa come\u00e7ar\u00e1 \u00e0s 21h30 locais (18h30 de Bras\u00edlia), pela Rai Uno na It\u00e1lia, e pelos canais na web do Vaticano. As imagens tamb\u00e9m ser\u00e3o fornecidas para emissoras do mundo inteiro.<\/p>\n<p class=\"noticia_fonte\">Metro<\/p>\n","protected":false},"excerpt":{"rendered":"<p>A missa de Natal celebrada pelo papa Francisco na Bas\u00edlica de S\u00e3o Pedro, na segunda-feira (24), no Vaticano, ser\u00e1 transmitida em resolu\u00e7\u00e3o 4K. &#8220;Com o&hellip; <\/p>\n","protected":false},"author":1,"featured_media":77980,"comment_status":"closed","ping_status":"closed","sticky":false,"template":"","format":"standard","meta":{"sfsi_plus_gutenberg_text_before_share":"","sfsi_plus_gutenberg_show_text_before_share":"","sfsi_plus_gutenberg_icon_type":"","sfsi_plus_gutenberg_icon_alignemt":"","sfsi_plus_gutenburg_max_per_row":"","footnotes":""},"categories":[2],"tags":[],"class_list":["post-77979","post","type-post","status-publish","format-standard","has-post-thumbnail","hentry","category-geral"],"_links":{"self":[{"href":"https:\/\/www.caririemacao.com\/1\/wp-json\/wp\/v2\/posts\/77979","targetHints":{"allow":["GET"]}}],"collection":[{"href":"https:\/\/www.caririemacao.com\/1\/wp-json\/wp\/v2\/posts"}],"about":[{"href":"https:\/\/www.caririemacao.com\/1\/wp-json\/wp\/v2\/types\/post"}],"author":[{"embeddable":true,"href":"https:\/\/www.caririemacao.com\/1\/wp-json\/wp\/v2\/users\/1"}],"replies":[{"embeddable":true,"href":"https:\/\/www.caririemacao.com\/1\/wp-json\/wp\/v2\/comments?post=77979"}],"version-history":[{"count":1,"href":"https:\/\/www.caririemacao.com\/1\/wp-json\/wp\/v2\/posts\/77979\/revisions"}],"predecessor-version":[{"id":77981,"href":"https:\/\/www.caririemacao.com\/1\/wp-json\/wp\/v2\/posts\/77979\/revisions\/77981"}],"wp:featuredmedia":[{"embeddable":true,"href":"https:\/\/www.caririemacao.com\/1\/wp-json\/wp\/v2\/media\/77980"}],"wp:attachment":[{"href":"https:\/\/www.caririemacao.com\/1\/wp-json\/wp\/v2\/media?parent=77979"}],"wp:term":[{"taxonomy":"category","embeddable":true,"href":"https:\/\/www.caririemacao.com\/1\/wp-json\/wp\/v2\/categories?post=77979"},{"taxonomy":"post_tag","embeddable":true,"href":"https:\/\/www.caririemacao.com\/1\/wp-json\/wp\/v2\/tags?post=77979"}],"curies":[{"name":"wp","href":"https:\/\/api.w.org\/{rel}","templated":true}]}}