{"id":77982,"date":"2018-12-24T08:39:33","date_gmt":"2018-12-24T11:39:33","guid":{"rendered":"http:\/\/www.caririemacao.com\/1\/?p=77982"},"modified":"2018-12-24T08:39:33","modified_gmt":"2018-12-24T11:39:33","slug":"divulgada-a-lista-dos-aprovados-no-segundo-curso-de-formacao-inicial-para-acs","status":"publish","type":"post","link":"https:\/\/www.caririemacao.com\/1\/2018\/12\/24\/divulgada-a-lista-dos-aprovados-no-segundo-curso-de-formacao-inicial-para-acs\/","title":{"rendered":"Divulgada a lista dos aprovados no Segundo Curso de Forma\u00e7\u00e3o Inicial para ACS"},"content":{"rendered":"<p>A Prefeitura de Sum\u00e9 divulgou na \u00faltima sexta-feira (21\/12), o resultado final dos aprovados e classificados na Segunda Chamada do Curso de Forma\u00e7\u00e3o Inicial do Processo Seletivo Simplificado n\u00b0 09\/2018 para contrata\u00e7\u00e3o de Agente Comunit\u00e1rio de Sa\u00fade de Sum\u00e9.<\/p>\n<p>Seis candidatos foram aprovados nesta etapa do curso de forma\u00e7\u00e3o. A classifica\u00e7\u00e3o deles est\u00e1 disposta de acordo com a micro\u00e1rea escolhida.<\/p>\n<p>Esta foi a segunda convoca\u00e7\u00e3o, feita pela prefeitura, dos candidatos aprovados no Processo Seletivo Simplificado para o cargo de Agente Comunit\u00e1rio de Sa\u00fade.<\/p>\n<p>As vagas surgiram devido a algumas \u00e1reas estarem sem cobertura de ACS, por motivos de doen\u00e7a ou de aposentadoria. \u00a0Em 2019, todas as \u00e1reas passar\u00e3o a ter agora a atua\u00e7\u00e3o de um ACS.<\/p>\n<p>Com o processo seletivo ainda em validade, o Poder Executivo fez a segunda chamada dos candidatos classificados para a realiza\u00e7\u00e3o do Curso de Forma\u00e7\u00e3o Inicial com resultado final divulgado na sexta-feira (21).<\/p>\n<p>O prazo de validade do Processo Seletivo \u00e9 de 2 (dois) anos, a contar da data de publica\u00e7\u00e3o de sua homologa\u00e7\u00e3o, podendo ser prorrogado uma vez, por igual per\u00edodo, se houver candidatos aprovados e classificados ainda n\u00e3o nomeados.<\/p>\n<p>&nbsp;<\/p>\n<p>Confira os aprovados:<\/p>\n<p>&nbsp;<\/p>\n<p><strong>MICRO \u00c1REA 02<\/strong><\/p>\n<table>\n<tbody>\n<tr>\n<td width=\"102\">N\u00ba INSCRI\u00c7\u00c3O<\/td>\n<td width=\"321\"><strong>NOME DO CANDIDATO<\/strong><\/td>\n<td width=\"92\"><strong>POSI\u00c7\u00c3O<\/strong><\/td>\n<td width=\"106\"><strong>SITUA\u00c7\u00c3O<\/strong><\/td>\n<\/tr>\n<tr>\n<td width=\"102\">020\/2018<\/td>\n<td width=\"321\"><strong>ANGELICA FRANCISCA DA SILVA ALVES<\/strong><\/td>\n<td width=\"92\"><strong>1\u00aa<\/strong><\/td>\n<td width=\"106\"><strong>APROVADA<\/strong><\/td>\n<\/tr>\n<\/tbody>\n<\/table>\n<p>&nbsp;<\/p>\n<p><strong>MICRO \u00c1REA 04<\/strong><\/p>\n<table>\n<tbody>\n<tr>\n<td width=\"120\">N\u00ba INSCRI\u00c7\u00c3O<\/td>\n<td width=\"306\"><strong>NOME DO CANDIDATO<\/strong><\/td>\n<td width=\"92\"><strong>POSI\u00c7\u00c3O<\/strong><\/td>\n<td width=\"106\"><strong>SITUA\u00c7\u00c3O<\/strong><\/td>\n<\/tr>\n<tr>\n<td width=\"120\">104\/2018<\/td>\n<td width=\"306\"><strong>SABRINA DE OLIVEIRA SOUZA<\/strong><\/td>\n<td width=\"92\"><strong>1\u00aa<\/strong><\/td>\n<td width=\"106\"><strong>APROVADA<\/strong><\/td>\n<\/tr>\n<\/tbody>\n<\/table>\n<p>&nbsp;<\/p>\n<p><strong>MICRO \u00c1REA 13<\/strong><\/p>\n<table>\n<tbody>\n<tr>\n<td width=\"101\">N\u00ba INSCRI\u00c7\u00c3O<\/td>\n<td width=\"315\"><strong>NOME DO CANDIDATO<\/strong><\/td>\n<td width=\"92\"><strong>POSI\u00c7\u00c3O<\/strong><\/td>\n<td width=\"106\"><strong>SITUA\u00c7\u00c3O<\/strong><\/td>\n<\/tr>\n<tr>\n<td width=\"101\">053\/2018<\/td>\n<td width=\"315\"><strong>FERNANDA RAQUEL DA SILVA BARBOSA<\/strong><\/td>\n<td width=\"92\"><strong>1\u00aa<\/strong><\/td>\n<td width=\"106\"><strong>APROVADA<\/strong><\/td>\n<\/tr>\n<\/tbody>\n<\/table>\n<p>&nbsp;<\/p>\n<p><strong>MICRO \u00c1REA 17<\/strong><\/p>\n<table>\n<tbody>\n<tr>\n<td width=\"113\">N\u00ba INSCRI\u00c7\u00c3O<\/td>\n<td width=\"329\"><strong>NOME DO CANDIDATO<\/strong><\/td>\n<td width=\"92\"><strong>POSI\u00c7\u00c3O<\/strong><\/td>\n<td width=\"106\"><strong>SITUA\u00c7\u00c3O<\/strong><\/td>\n<\/tr>\n<tr>\n<td width=\"113\">013\/2018<\/td>\n<td width=\"329\"><strong>RITA DE CASSIA BATISTA GON\u00c7ALVES<\/strong><\/td>\n<td width=\"92\"><strong>1\u00aa<\/strong><\/td>\n<td width=\"106\"><strong>APROVADA<\/strong><\/td>\n<\/tr>\n<\/tbody>\n<\/table>\n<p><strong>\u00a0<\/strong><\/p>\n<p><strong>MICRO \u00c1REA 26<\/strong><\/p>\n<table>\n<tbody>\n<tr>\n<td width=\"113\">N\u00ba INSCRI\u00c7\u00c3O<\/td>\n<td width=\"329\"><strong>NOME DO CANDIDATO<\/strong><\/td>\n<td width=\"92\"><strong>POSI\u00c7\u00c3O<\/strong><\/td>\n<td width=\"107\"><strong>SITUA\u00c7\u00c3O<\/strong><\/td>\n<\/tr>\n<tr>\n<td width=\"113\">049\/2018<\/td>\n<td width=\"329\"><strong>ISRAEL SILVA DE MORAIS<\/strong><\/td>\n<td width=\"92\"><strong>1\u00aa<\/strong><\/td>\n<td width=\"107\"><strong>APROVADO<\/strong><\/td>\n<\/tr>\n<\/tbody>\n<\/table>\n<p>&nbsp;<\/p>\n<p><strong>\u00a0<\/strong><strong>MICRO \u00c1REA 34<\/strong><\/p>\n<table>\n<tbody>\n<tr>\n<td width=\"113\">N\u00ba INSCRI\u00c7\u00c3O<\/td>\n<td width=\"329\"><strong>NOME DO CANDIDATO<\/strong><\/td>\n<td width=\"92\"><strong>POSI\u00c7\u00c3O<\/strong><\/td>\n<td width=\"106\"><strong>SITUA\u00c7\u00c3O<\/strong><\/td>\n<\/tr>\n<tr>\n<td width=\"113\">097\/2018<\/td>\n<td width=\"329\"><strong>JAQUELINE SU\u00caRDA SILVA<\/strong><\/td>\n<td width=\"92\"><strong>1\u00aa<\/strong><\/td>\n<td width=\"106\"><strong>APROVADA<\/strong><\/td>\n<\/tr>\n<\/tbody>\n<\/table>\n<p>&nbsp;<\/p>\n<p>Ascom<\/p>\n","protected":false},"excerpt":{"rendered":"<p>A Prefeitura de Sum\u00e9 divulgou na \u00faltima sexta-feira (21\/12), o resultado final dos aprovados e classificados na Segunda Chamada do Curso de Forma\u00e7\u00e3o Inicial do&hellip; <\/p>\n","protected":false},"author":1,"featured_media":47456,"comment_status":"closed","ping_status":"closed","sticky":false,"template":"","format":"standard","meta":{"sfsi_plus_gutenberg_text_before_share":"","sfsi_plus_gutenberg_show_text_before_share":"","sfsi_plus_gutenberg_icon_type":"","sfsi_plus_gutenberg_icon_alignemt":"","sfsi_plus_gutenburg_max_per_row":"","footnotes":""},"categories":[50,2],"tags":[],"class_list":["post-77982","post","type-post","status-publish","format-standard","has-post-thumbnail","hentry","category-destaque","category-geral"],"_links":{"self":[{"href":"https:\/\/www.caririemacao.com\/1\/wp-json\/wp\/v2\/posts\/77982","targetHints":{"allow":["GET"]}}],"collection":[{"href":"https:\/\/www.caririemacao.com\/1\/wp-json\/wp\/v2\/posts"}],"about":[{"href":"https:\/\/www.caririemacao.com\/1\/wp-json\/wp\/v2\/types\/post"}],"author":[{"embeddable":true,"href":"https:\/\/www.caririemacao.com\/1\/wp-json\/wp\/v2\/users\/1"}],"replies":[{"embeddable":true,"href":"https:\/\/www.caririemacao.com\/1\/wp-json\/wp\/v2\/comments?post=77982"}],"version-history":[{"count":1,"href":"https:\/\/www.caririemacao.com\/1\/wp-json\/wp\/v2\/posts\/77982\/revisions"}],"predecessor-version":[{"id":77983,"href":"https:\/\/www.caririemacao.com\/1\/wp-json\/wp\/v2\/posts\/77982\/revisions\/77983"}],"wp:featuredmedia":[{"embeddable":true,"href":"https:\/\/www.caririemacao.com\/1\/wp-json\/wp\/v2\/media\/47456"}],"wp:attachment":[{"href":"https:\/\/www.caririemacao.com\/1\/wp-json\/wp\/v2\/media?parent=77982"}],"wp:term":[{"taxonomy":"category","embeddable":true,"href":"https:\/\/www.caririemacao.com\/1\/wp-json\/wp\/v2\/categories?post=77982"},{"taxonomy":"post_tag","embeddable":true,"href":"https:\/\/www.caririemacao.com\/1\/wp-json\/wp\/v2\/tags?post=77982"}],"curies":[{"name":"wp","href":"https:\/\/api.w.org\/{rel}","templated":true}]}}