{"id":77996,"date":"2018-12-24T08:50:17","date_gmt":"2018-12-24T11:50:17","guid":{"rendered":"http:\/\/www.caririemacao.com\/1\/?p=77996"},"modified":"2018-12-24T08:50:17","modified_gmt":"2018-12-24T11:50:17","slug":"temer-faz-declaracao-em-cadeia-nacional","status":"publish","type":"post","link":"https:\/\/www.caririemacao.com\/1\/2018\/12\/24\/temer-faz-declaracao-em-cadeia-nacional\/","title":{"rendered":"Temer faz declara\u00e7\u00e3o em cadeia nacional"},"content":{"rendered":"<p>O presidente Michel Temer far\u00e1 hoje (24) \u00e0s 20h30 um pronunciamento em cadeia nacional de r\u00e1dio e televis\u00e3o de aproximadamente tr\u00eas minutos. A manifesta\u00e7\u00e3o ocorre a menos de uma semana da transmiss\u00e3o da faixa presidencial para o presidente eleito, Jair Bolsonaro, que assume o Pal\u00e1cio do Planalto no pr\u00f3ximo dia 1\u00ba. Tradicionalmente, os presidentes da Rep\u00fablica falam \u00e0 na\u00e7\u00e3o na v\u00e9spera do dia de Natal.<\/p>\n<p>A expectativa \u00e9 que Temer apresente um breve balan\u00e7o dos dois anos e meio \u00e0 frente do governo.<\/p>\n<p>No Natal passado, o presidente destacou que estava conduzindo uma s\u00e9rie de mudan\u00e7as positivas para o pa\u00eds, citou a recupera\u00e7\u00e3o da Petrobras e o esfor\u00e7o para colocar o Banco Nacional do Desenvolvimento Econ\u00f4mico e Social (BNDES) a servi\u00e7o da sociedade. Tamb\u00e9m mencionou a redu\u00e7\u00e3o dos juros e os avan\u00e7os dos programas sociais.<\/p>\n<p>Em 2016, Temer destacou que seu esfor\u00e7o se concentrava em desburocratizar e atrair investimentos para o Brasil.<\/p>\n<p><strong>Ag\u00eancia Brasil<\/strong><\/p>\n","protected":false},"excerpt":{"rendered":"<p>O presidente Michel Temer far\u00e1 hoje (24) \u00e0s 20h30 um pronunciamento em cadeia nacional de r\u00e1dio e televis\u00e3o de aproximadamente tr\u00eas minutos. A manifesta\u00e7\u00e3o ocorre&hellip; <\/p>\n","protected":false},"author":1,"featured_media":35633,"comment_status":"closed","ping_status":"closed","sticky":false,"template":"","format":"standard","meta":{"sfsi_plus_gutenberg_text_before_share":"","sfsi_plus_gutenberg_show_text_before_share":"","sfsi_plus_gutenberg_icon_type":"","sfsi_plus_gutenberg_icon_alignemt":"","sfsi_plus_gutenburg_max_per_row":"","footnotes":""},"categories":[11],"tags":[],"class_list":["post-77996","post","type-post","status-publish","format-standard","has-post-thumbnail","hentry","category-politica"],"_links":{"self":[{"href":"https:\/\/www.caririemacao.com\/1\/wp-json\/wp\/v2\/posts\/77996","targetHints":{"allow":["GET"]}}],"collection":[{"href":"https:\/\/www.caririemacao.com\/1\/wp-json\/wp\/v2\/posts"}],"about":[{"href":"https:\/\/www.caririemacao.com\/1\/wp-json\/wp\/v2\/types\/post"}],"author":[{"embeddable":true,"href":"https:\/\/www.caririemacao.com\/1\/wp-json\/wp\/v2\/users\/1"}],"replies":[{"embeddable":true,"href":"https:\/\/www.caririemacao.com\/1\/wp-json\/wp\/v2\/comments?post=77996"}],"version-history":[{"count":1,"href":"https:\/\/www.caririemacao.com\/1\/wp-json\/wp\/v2\/posts\/77996\/revisions"}],"predecessor-version":[{"id":77997,"href":"https:\/\/www.caririemacao.com\/1\/wp-json\/wp\/v2\/posts\/77996\/revisions\/77997"}],"wp:featuredmedia":[{"embeddable":true,"href":"https:\/\/www.caririemacao.com\/1\/wp-json\/wp\/v2\/media\/35633"}],"wp:attachment":[{"href":"https:\/\/www.caririemacao.com\/1\/wp-json\/wp\/v2\/media?parent=77996"}],"wp:term":[{"taxonomy":"category","embeddable":true,"href":"https:\/\/www.caririemacao.com\/1\/wp-json\/wp\/v2\/categories?post=77996"},{"taxonomy":"post_tag","embeddable":true,"href":"https:\/\/www.caririemacao.com\/1\/wp-json\/wp\/v2\/tags?post=77996"}],"curies":[{"name":"wp","href":"https:\/\/api.w.org\/{rel}","templated":true}]}}