{"id":77999,"date":"2018-12-24T08:52:13","date_gmt":"2018-12-24T11:52:13","guid":{"rendered":"http:\/\/www.caririemacao.com\/1\/?p=77999"},"modified":"2018-12-24T08:52:13","modified_gmt":"2018-12-24T11:52:13","slug":"bolsonaro-diz-que-no-natal-humildade-e-simplicidade-devem-predominar","status":"publish","type":"post","link":"https:\/\/www.caririemacao.com\/1\/2018\/12\/24\/bolsonaro-diz-que-no-natal-humildade-e-simplicidade-devem-predominar\/","title":{"rendered":"Bolsonaro diz que no Natal humildade e simplicidade devem predominar"},"content":{"rendered":"<p>O presidente eleito, Jair Bolsonaro, transmitiu hoje (24), logo cedo, sua mensagem de Natal. Em sua conta no Twitter, ele ressaltou que conduzido pela humildade, vai trabalhar para \u201crestaurar o sentimento familiar h\u00e1 muito tempo desgastado\u201d na sociedade. Segundo Bolsonaro, no Natal todos t\u00eam o mesm sentimento: da simplicidade e humildade.<\/p>\n<p>\u201cCom humildade, aceitando quem tem no cora\u00e7\u00e3o a vontade de construir um Brasil melhor, buscaremos nos pr\u00f3ximos anos restaurar o sentimento familiar h\u00e1 muito desgastado em nossa sociedade, bem como a paz dentro de nossos lares. Tenhamos todos um Feliz Natal\u201d, afirmou.<\/p>\n<p>Para o presidente eleito, o sentimento que deve guiar a todos no Natal \u00e9 \u00fanico. \u201c\u00c9 chegado mais um Natal, momento especial onde relembramos com nossas sagradas fam\u00edlias o nascimento de Cristo. \u00c9 com este sentimento, inspirado na fam\u00edlia simples que recebeu em um humilde pres\u00e9pio a encarna\u00e7\u00e3o do pr\u00f3prio Deus, que contemplamos a chegada de um novo Brasil.\u201d<\/p>\n<p>Desde s\u00e1bado (22), Bolsonaro est\u00e1 na Ilha de Marambaia, no litoral sul fluminense. Bolsonaro passar\u00e1 o Natal com sua fam\u00edlia na Base da Marinha.<\/p>\n<p>A ilha, que abriga um centro de treinamento da Marinha, fica no extremo oeste da Restinga de Marambaia, uma imensa faixa de terra na Ba\u00eda de Sepetiba, que se estende pelos munic\u00edpios do Rio de Janeiro, Itagua\u00ed e Mangaratiba.<\/p>\n<p>O local \u00e9 ref\u00fagio de presidentes da Rep\u00fablica. No carnaval deste ano, recebeu o presidente Michel Temer e fam\u00edlia.<\/p>\n<p>Bolsonaro deve ficar na ilha at\u00e9 o pr\u00f3ximo dia 27. Depois, volta para sua casa na Barra da Tijuca, na zona oeste do Rio, onde fica at\u00e9 o dia 29, quando segue para Bras\u00edlia.<\/p>\n<p><strong>Ag\u00eancia Brasil<\/strong><\/p>\n","protected":false},"excerpt":{"rendered":"<p>O presidente eleito, Jair Bolsonaro, transmitiu hoje (24), logo cedo, sua mensagem de Natal. Em sua conta no Twitter, ele ressaltou que conduzido pela humildade,&hellip; <\/p>\n","protected":false},"author":1,"featured_media":43564,"comment_status":"closed","ping_status":"closed","sticky":false,"template":"","format":"standard","meta":{"sfsi_plus_gutenberg_text_before_share":"","sfsi_plus_gutenberg_show_text_before_share":"","sfsi_plus_gutenberg_icon_type":"","sfsi_plus_gutenberg_icon_alignemt":"","sfsi_plus_gutenburg_max_per_row":"","footnotes":""},"categories":[11],"tags":[],"class_list":["post-77999","post","type-post","status-publish","format-standard","has-post-thumbnail","hentry","category-politica"],"_links":{"self":[{"href":"https:\/\/www.caririemacao.com\/1\/wp-json\/wp\/v2\/posts\/77999","targetHints":{"allow":["GET"]}}],"collection":[{"href":"https:\/\/www.caririemacao.com\/1\/wp-json\/wp\/v2\/posts"}],"about":[{"href":"https:\/\/www.caririemacao.com\/1\/wp-json\/wp\/v2\/types\/post"}],"author":[{"embeddable":true,"href":"https:\/\/www.caririemacao.com\/1\/wp-json\/wp\/v2\/users\/1"}],"replies":[{"embeddable":true,"href":"https:\/\/www.caririemacao.com\/1\/wp-json\/wp\/v2\/comments?post=77999"}],"version-history":[{"count":1,"href":"https:\/\/www.caririemacao.com\/1\/wp-json\/wp\/v2\/posts\/77999\/revisions"}],"predecessor-version":[{"id":78000,"href":"https:\/\/www.caririemacao.com\/1\/wp-json\/wp\/v2\/posts\/77999\/revisions\/78000"}],"wp:featuredmedia":[{"embeddable":true,"href":"https:\/\/www.caririemacao.com\/1\/wp-json\/wp\/v2\/media\/43564"}],"wp:attachment":[{"href":"https:\/\/www.caririemacao.com\/1\/wp-json\/wp\/v2\/media?parent=77999"}],"wp:term":[{"taxonomy":"category","embeddable":true,"href":"https:\/\/www.caririemacao.com\/1\/wp-json\/wp\/v2\/categories?post=77999"},{"taxonomy":"post_tag","embeddable":true,"href":"https:\/\/www.caririemacao.com\/1\/wp-json\/wp\/v2\/tags?post=77999"}],"curies":[{"name":"wp","href":"https:\/\/api.w.org\/{rel}","templated":true}]}}