{"id":78001,"date":"2018-12-24T09:06:04","date_gmt":"2018-12-24T12:06:04","guid":{"rendered":"http:\/\/www.caririemacao.com\/1\/?p=78001"},"modified":"2018-12-24T09:06:04","modified_gmt":"2018-12-24T12:06:04","slug":"apos-perseguicao-policial-homem-leva-tiro-e-acaba-preso-na-divisa-de-monteiro","status":"publish","type":"post","link":"https:\/\/www.caririemacao.com\/1\/2018\/12\/24\/apos-perseguicao-policial-homem-leva-tiro-e-acaba-preso-na-divisa-de-monteiro\/","title":{"rendered":"Ap\u00f3s persegui\u00e7\u00e3o policial homem leva tiro e acaba preso na divisa de Monteiro"},"content":{"rendered":"<p>A Pol\u00edcia Militar apreendeu um ve\u00edculo modelo Honda Civic de Branco na noite deste domingo (23), na zona rural pr\u00f3ximo ao distrito de Pernambuquimho entre Monteiro e Sert\u00e2nia.<\/p>\n<p>Conforme informa\u00e7\u00f5es, ap\u00f3s uma persegui\u00e7\u00e3o que teve in\u00edcio na BR-110, em Monteiro o homem\u00a0 adentrou em uma estrada de terra, na persegui\u00e7\u00e3o o Honda Civic colidiu de frente com outro ve\u00edculo que vinha sentido contr\u00e1rio.<\/p>\n<p>Ap\u00f3s a colis\u00e3o o acusado foi baleado na perna ao tentar fugir, a equipe de atendimento m\u00f3vel SAMU foi acionada e encaminhou para o hospital regional.<\/p>\n<p>O ve\u00edculo de placa PGH-8791 Camaragibe-PE foi encaminhado\u00a0para 14\u00b0DPSC para as medidas cab\u00edveis. No outro ve\u00edculo ningu\u00e9m ficou ferido.<\/p>\n<p>&nbsp;<\/p>\n<p><em>O Pipoco<\/em><\/p>\n","protected":false},"excerpt":{"rendered":"<p>A Pol\u00edcia Militar apreendeu um ve\u00edculo modelo Honda Civic de Branco na noite deste domingo (23), na zona rural pr\u00f3ximo ao distrito de Pernambuquimho entre&hellip; <\/p>\n","protected":false},"author":1,"featured_media":78002,"comment_status":"closed","ping_status":"closed","sticky":false,"template":"","format":"standard","meta":{"sfsi_plus_gutenberg_text_before_share":"","sfsi_plus_gutenberg_show_text_before_share":"","sfsi_plus_gutenberg_icon_type":"","sfsi_plus_gutenberg_icon_alignemt":"","sfsi_plus_gutenburg_max_per_row":"","footnotes":""},"categories":[50,12],"tags":[],"class_list":["post-78001","post","type-post","status-publish","format-standard","has-post-thumbnail","hentry","category-destaque","category-policia"],"_links":{"self":[{"href":"https:\/\/www.caririemacao.com\/1\/wp-json\/wp\/v2\/posts\/78001","targetHints":{"allow":["GET"]}}],"collection":[{"href":"https:\/\/www.caririemacao.com\/1\/wp-json\/wp\/v2\/posts"}],"about":[{"href":"https:\/\/www.caririemacao.com\/1\/wp-json\/wp\/v2\/types\/post"}],"author":[{"embeddable":true,"href":"https:\/\/www.caririemacao.com\/1\/wp-json\/wp\/v2\/users\/1"}],"replies":[{"embeddable":true,"href":"https:\/\/www.caririemacao.com\/1\/wp-json\/wp\/v2\/comments?post=78001"}],"version-history":[{"count":1,"href":"https:\/\/www.caririemacao.com\/1\/wp-json\/wp\/v2\/posts\/78001\/revisions"}],"predecessor-version":[{"id":78003,"href":"https:\/\/www.caririemacao.com\/1\/wp-json\/wp\/v2\/posts\/78001\/revisions\/78003"}],"wp:featuredmedia":[{"embeddable":true,"href":"https:\/\/www.caririemacao.com\/1\/wp-json\/wp\/v2\/media\/78002"}],"wp:attachment":[{"href":"https:\/\/www.caririemacao.com\/1\/wp-json\/wp\/v2\/media?parent=78001"}],"wp:term":[{"taxonomy":"category","embeddable":true,"href":"https:\/\/www.caririemacao.com\/1\/wp-json\/wp\/v2\/categories?post=78001"},{"taxonomy":"post_tag","embeddable":true,"href":"https:\/\/www.caririemacao.com\/1\/wp-json\/wp\/v2\/tags?post=78001"}],"curies":[{"name":"wp","href":"https:\/\/api.w.org\/{rel}","templated":true}]}}