{"id":78004,"date":"2018-12-24T09:14:23","date_gmt":"2018-12-24T12:14:23","guid":{"rendered":"http:\/\/www.caririemacao.com\/1\/?p=78004"},"modified":"2018-12-24T09:14:23","modified_gmt":"2018-12-24T12:14:23","slug":"prefeitura-de-sao-j-dos-cordeiros-assina-ordem-de-servico-para-novo-sistema-de-agua-doce-na-zona-rural","status":"publish","type":"post","link":"https:\/\/www.caririemacao.com\/1\/2018\/12\/24\/prefeitura-de-sao-j-dos-cordeiros-assina-ordem-de-servico-para-novo-sistema-de-agua-doce-na-zona-rural\/","title":{"rendered":"Prefeitura de S\u00e3o J. dos Cordeiros assina ordem de servi\u00e7o para novo Sistema de \u00c1gua Doce na zona rural"},"content":{"rendered":"<p>Na manh\u00e3 da \u00faltima sexta-feira (21), a Prefeitura de S\u00e3o Jos\u00e9 dos Cordeiros atrav\u00e9s da Secretaria de Agricultura, assinou a ordem de servi\u00e7o para a constru\u00e7\u00e3o de mais um sistema de dessaliniza\u00e7\u00e3o Vertical do Programa \u00c1gua Doce, para a zona rural do munic\u00edpio.<\/p>\n<p>Esta a\u00e7\u00e3o \u00e9 uma parceria firmada junto ao Governo do Estado que, atrav\u00e9s do Projeto de Desenvolvimento Sustent\u00e1vel do Cariri, Serid\u00f3 e Curimata\u00fa (Procase), que tem contribu\u00eddo para o desenvolvimento rural sustent\u00e1vel dos munic\u00edpios do cariri e serid\u00f3 paraibano.<\/p>\n<p><img fetchpriority=\"high\" decoding=\"async\" class=\"wp-image-60784 alignright\" src=\"http:\/\/deolhonocariri.com.br\/wp-content\/uploads\/2018\/12\/sj-cordeiros-600x450.jpg\" sizes=\"(max-width: 408px) 100vw, 408px\" srcset=\"http:\/\/deolhonocariri.com.br\/wp-content\/uploads\/2018\/12\/sj-cordeiros-600x450.jpg 600w, http:\/\/deolhonocariri.com.br\/wp-content\/uploads\/2018\/12\/sj-cordeiros-400x300.jpg 400w, http:\/\/deolhonocariri.com.br\/wp-content\/uploads\/2018\/12\/sj-cordeiros-768x576.jpg 768w, http:\/\/deolhonocariri.com.br\/wp-content\/uploads\/2018\/12\/sj-cordeiros.jpg 960w\" alt=\"\" width=\"408\" height=\"306\" \/><\/p>\n<p>A ordem de servi\u00e7o foi assinada pelo secretario de agricultura de S\u00e3o Jos\u00e9 dos Cordeiros, Dayvison Romeryto, que em momento esteve acompanhado do coordenador do Programa \u00c1gua Doce, Robe Tabolka, do t\u00e9cnico agr\u00edcola Felipe e dos produtores rurais, Valdo Cunha e Z\u00e9 da Cunha, que foram os doadores do terreno, para aquisi\u00e7\u00e3o do sistema de\u00a0dessaliniza\u00e7\u00e3o, que ir\u00e1 beneficiar as fam\u00edlias da comunidade rural do S\u00edtio Lagoa de Ro\u00e7a.<\/p>\n<p>O prefeito Jefferson Roberto agradeceu a parceria do governo do estado para \u00e0 vinda de mais um importante benef\u00edcio para a cidade de S\u00e3o Jos\u00e9 dos Cordeiros: \u201cQuero agradecer ao senhor Jos\u00e9 da Cunha por fazer a doa\u00e7\u00e3o do terreno, ao Coordenador Estadual do Programa \u00c1gua Doce, Robe Tabolka, ao t\u00e9cnico Felipe e o empenho do secret\u00e1rio de agricultura, Dayvison Romeryto. S\u00e3o a\u00e7\u00f5es como essas e com boas parcerias, que seguiremos em frente trabalhando pela melhoria de vida da nossa popula\u00e7\u00e3o\u201d, destacou o Prefeito Jefferson.<\/p>\n<p><strong>De Olho no Cariri<\/strong><\/p>\n","protected":false},"excerpt":{"rendered":"<p>Na manh\u00e3 da \u00faltima sexta-feira (21), a Prefeitura de S\u00e3o Jos\u00e9 dos Cordeiros atrav\u00e9s da Secretaria de Agricultura, assinou a ordem de servi\u00e7o para a&hellip; <\/p>\n","protected":false},"author":1,"featured_media":78006,"comment_status":"closed","ping_status":"closed","sticky":false,"template":"","format":"standard","meta":{"sfsi_plus_gutenberg_text_before_share":"","sfsi_plus_gutenberg_show_text_before_share":"","sfsi_plus_gutenberg_icon_type":"","sfsi_plus_gutenberg_icon_alignemt":"","sfsi_plus_gutenburg_max_per_row":"","footnotes":""},"categories":[2],"tags":[],"class_list":["post-78004","post","type-post","status-publish","format-standard","has-post-thumbnail","hentry","category-geral"],"_links":{"self":[{"href":"https:\/\/www.caririemacao.com\/1\/wp-json\/wp\/v2\/posts\/78004","targetHints":{"allow":["GET"]}}],"collection":[{"href":"https:\/\/www.caririemacao.com\/1\/wp-json\/wp\/v2\/posts"}],"about":[{"href":"https:\/\/www.caririemacao.com\/1\/wp-json\/wp\/v2\/types\/post"}],"author":[{"embeddable":true,"href":"https:\/\/www.caririemacao.com\/1\/wp-json\/wp\/v2\/users\/1"}],"replies":[{"embeddable":true,"href":"https:\/\/www.caririemacao.com\/1\/wp-json\/wp\/v2\/comments?post=78004"}],"version-history":[{"count":1,"href":"https:\/\/www.caririemacao.com\/1\/wp-json\/wp\/v2\/posts\/78004\/revisions"}],"predecessor-version":[{"id":78007,"href":"https:\/\/www.caririemacao.com\/1\/wp-json\/wp\/v2\/posts\/78004\/revisions\/78007"}],"wp:featuredmedia":[{"embeddable":true,"href":"https:\/\/www.caririemacao.com\/1\/wp-json\/wp\/v2\/media\/78006"}],"wp:attachment":[{"href":"https:\/\/www.caririemacao.com\/1\/wp-json\/wp\/v2\/media?parent=78004"}],"wp:term":[{"taxonomy":"category","embeddable":true,"href":"https:\/\/www.caririemacao.com\/1\/wp-json\/wp\/v2\/categories?post=78004"},{"taxonomy":"post_tag","embeddable":true,"href":"https:\/\/www.caririemacao.com\/1\/wp-json\/wp\/v2\/tags?post=78004"}],"curies":[{"name":"wp","href":"https:\/\/api.w.org\/{rel}","templated":true}]}}