{"id":78009,"date":"2018-12-24T09:21:52","date_gmt":"2018-12-24T12:21:52","guid":{"rendered":"http:\/\/www.caririemacao.com\/1\/?p=78009"},"modified":"2018-12-24T09:21:52","modified_gmt":"2018-12-24T12:21:52","slug":"aposentadoria-integral-ficara-mais-dificil-a-partir-da-semana-que-vem","status":"publish","type":"post","link":"https:\/\/www.caririemacao.com\/1\/2018\/12\/24\/aposentadoria-integral-ficara-mais-dificil-a-partir-da-semana-que-vem\/","title":{"rendered":"Aposentadoria integral ficar\u00e1 mais dif\u00edcil a partir da semana que vem"},"content":{"rendered":"<p>O trabalhador que pedir sua aposentadoria por tempo de contribui\u00e7\u00e3o a partir do dia 31 de dezembro ter\u00e1 uma dificuldade a mais para evitar o desconto do fator previdenci\u00e1rio no benef\u00edcio: o c\u00e1lculo 85\/95 ser\u00e1 substitu\u00eddo pelo 86\/96.<\/p>\n<p>O fator previdenci\u00e1rio \u00e9 um \u00edndice aplicado nas aposentadorias por tempo de contribui\u00e7\u00e3o que reduz o valor de quem pede cedo o benef\u00edcio.<\/p>\n<p>A regra 85\/95 foi criada para garantir o benef\u00edcio integral, sem o corte do fator, para os trabalhadores cuja soma da idade ao tempo de contribui\u00e7\u00e3o, no pedido da aposentadoria, resultar em 85 (mulheres) ou 95 (homens).<\/p>\n<p>A partir da semana que vem, a regra passar\u00e1 a exigir um ponto a mais. Isso significar\u00e1 uma espera m\u00ednima de seis meses a mais para ter direito ao benef\u00edcio integral.<\/p>\n<p>O per\u00edodo obrigat\u00f3rio de contribui\u00e7\u00e3o para se aposentar sem idade m\u00ednima continuar\u00e1 sendo de 30 anos, para as mulheres, e de 35 anos, para os homens.<\/p>\n<p>Se hoje, por exemplo, \u00e9 poss\u00edvel um homem ter o benef\u00edcio integral com 60 anos de idade e 35 anos de contribui\u00e7\u00e3o (soma 95), com a mudan\u00e7a ele dever\u00e1 contribuir por mais seis meses (35,5 anos de trabalho e 60,5 anos de idade) para chegar \u00e0 soma 96.<\/p>\n<p>Segurados interessados em solicitar aposentadorias ainda nesta semana, por\u00e9m, devem ficar atentos aos hor\u00e1rios especiais do INSS (Instituto Nacional do Seguro Social).<\/p>\n<p>Nos dias 24 e 31, a central de teleatendimento 135 funcionar\u00e1 das 7h \u00e0s 19h -durante o hor\u00e1rio de ver\u00e3o, o funcionamento em dias normais \u00e9 das 8h \u00e0s 23h.<\/p>\n<p>N\u00e3o h\u00e1 restri\u00e7\u00e3o de hor\u00e1rios para requerimentos apresentados pelo aplicativo Meu INSS ou pelo site\u00a0<a href=\"http:\/\/meu.inss.gov.br\/\" target=\"_blank\" rel=\"noopener\" data-saferedirecturl=\"https:\/\/www.google.com\/url?q=http:\/\/meu.inss.gov.br&amp;source=gmail&amp;ust=1545736352689000&amp;usg=AFQjCNFOfQdZTjW7Byj8ANnPz3HGt50QLA\">meu.inss.gov.br<\/a>.<\/p>\n<p>A data que conta para o in\u00edcio do benef\u00edcio \u00e9 a do agendamento, e n\u00e3o a do atendimento no posto.<\/p>\n<div id=\"attachment_481016\" class=\"wp-caption aligncenter\"><img decoding=\"async\" class=\"wp-image-481016 size-medium lazyload\" data-src=\"https:\/\/paraibaonline.com.br\/wp-content\/uploads\/2018\/07\/INSS-567x378.jpg\" data-srcset=\"https:\/\/paraibaonline.com.br\/wp-content\/uploads\/2018\/07\/INSS-567x378.jpg 567w, https:\/\/paraibaonline.com.br\/wp-content\/uploads\/2018\/07\/INSS.jpg 800w\" alt=\"Foto: ascom\" src=\"data:image\/svg+xml;base64,PHN2ZyB3aWR0aD0iMSIgaGVpZ2h0PSIxIiB4bWxucz0iaHR0cDovL3d3dy53My5vcmcvMjAwMC9zdmciPjwvc3ZnPg==\" style=\"--smush-placeholder-width: 567px; --smush-placeholder-aspect-ratio: 567\/378;\" \/><\/p>\n<p class=\"wp-caption-text\">Foto: ascom<\/p>\n<\/div>\n<p>E mesmo os segurados que n\u00e3o conseguirem pedir o benef\u00edcio ainda nesta semana, mas que j\u00e1 tiverem cumprido as exig\u00eancias para entrar no 85\/95 at\u00e9 o pr\u00f3ximo dia 30, n\u00e3o perder\u00e3o o direito ao c\u00e1lculo.<\/p>\n<p>A progress\u00e3o do c\u00e1lculo 85\/95 est\u00e1 prevista na lei que criou esse sistema. Mas isso n\u00e3o significa que a possibilidade de se aposentar com a m\u00e9dia salarial integral ser\u00e1 mantida conforme determina a atual lei.<\/p>\n<p>A regra 85\/95 tem razo\u00e1vel chance de ser extinta no governo do presidente eleito, Jair Bolsonaro (PSL), pois \u00e9 incompat\u00edvel com a reforma previdenci\u00e1ria nos moldes do que vem sendo discutido at\u00e9 agora.<\/p>\n<p>Al\u00e9m disso, o sistema de c\u00e1lculo de benef\u00edcios pode ser desfeito por projeto de lei ou por medida provis\u00f3ria. N\u00e3o requer, portanto, mudan\u00e7a constitucional, mais dif\u00edcil de ser aprovada no Congresso.<\/p>\n<p>Caso n\u00e3o ocorra altera\u00e7\u00e3o na legisla\u00e7\u00e3o, a soma exigida seguir\u00e1 avan\u00e7ando um ponto a cada dois anos.<\/p>\n<p>Em 31 de dezembro de 2026, o c\u00e1lculo estacionar\u00e1 em 90, para mulheres, e 100, para homens.<\/p>\n<p>&nbsp;<\/p>\n<p>Ag\u00eancia Brasil<\/p>\n","protected":false},"excerpt":{"rendered":"<p>O trabalhador que pedir sua aposentadoria por tempo de contribui\u00e7\u00e3o a partir do dia 31 de dezembro ter\u00e1 uma dificuldade a mais para evitar o&hellip; <\/p>\n","protected":false},"author":1,"featured_media":25319,"comment_status":"closed","ping_status":"closed","sticky":false,"template":"","format":"standard","meta":{"sfsi_plus_gutenberg_text_before_share":"","sfsi_plus_gutenberg_show_text_before_share":"","sfsi_plus_gutenberg_icon_type":"","sfsi_plus_gutenberg_icon_alignemt":"","sfsi_plus_gutenburg_max_per_row":"","footnotes":""},"categories":[50,2],"tags":[],"class_list":["post-78009","post","type-post","status-publish","format-standard","has-post-thumbnail","hentry","category-destaque","category-geral"],"_links":{"self":[{"href":"https:\/\/www.caririemacao.com\/1\/wp-json\/wp\/v2\/posts\/78009","targetHints":{"allow":["GET"]}}],"collection":[{"href":"https:\/\/www.caririemacao.com\/1\/wp-json\/wp\/v2\/posts"}],"about":[{"href":"https:\/\/www.caririemacao.com\/1\/wp-json\/wp\/v2\/types\/post"}],"author":[{"embeddable":true,"href":"https:\/\/www.caririemacao.com\/1\/wp-json\/wp\/v2\/users\/1"}],"replies":[{"embeddable":true,"href":"https:\/\/www.caririemacao.com\/1\/wp-json\/wp\/v2\/comments?post=78009"}],"version-history":[{"count":1,"href":"https:\/\/www.caririemacao.com\/1\/wp-json\/wp\/v2\/posts\/78009\/revisions"}],"predecessor-version":[{"id":78010,"href":"https:\/\/www.caririemacao.com\/1\/wp-json\/wp\/v2\/posts\/78009\/revisions\/78010"}],"wp:featuredmedia":[{"embeddable":true,"href":"https:\/\/www.caririemacao.com\/1\/wp-json\/wp\/v2\/media\/25319"}],"wp:attachment":[{"href":"https:\/\/www.caririemacao.com\/1\/wp-json\/wp\/v2\/media?parent=78009"}],"wp:term":[{"taxonomy":"category","embeddable":true,"href":"https:\/\/www.caririemacao.com\/1\/wp-json\/wp\/v2\/categories?post=78009"},{"taxonomy":"post_tag","embeddable":true,"href":"https:\/\/www.caririemacao.com\/1\/wp-json\/wp\/v2\/tags?post=78009"}],"curies":[{"name":"wp","href":"https:\/\/api.w.org\/{rel}","templated":true}]}}