{"id":78014,"date":"2018-12-24T09:30:31","date_gmt":"2018-12-24T12:30:31","guid":{"rendered":"http:\/\/www.caririemacao.com\/1\/?p=78014"},"modified":"2018-12-24T09:30:31","modified_gmt":"2018-12-24T12:30:31","slug":"governo-brasileiro-manifesta-solidariedade-ao-povo-da-indonesia","status":"publish","type":"post","link":"https:\/\/www.caririemacao.com\/1\/2018\/12\/24\/governo-brasileiro-manifesta-solidariedade-ao-povo-da-indonesia\/","title":{"rendered":"Governo brasileiro manifesta solidariedade ao povo da Indon\u00e9sia"},"content":{"rendered":"<p>Por meio do Itamaraty, o governo brasileiro divulgou nota de pesar e solidariedade ao povo e ao governo da Indon\u00e9sia, que continua trabalhando no resgate de mortos e feridos desde a manh\u00e3 deste <span id=\"OBJ_PREFIX_DWT872_com_zimbra_date\" role=\"link\">domingo<\/span> (23), quando praias ao redor do Estreito de Sunda foram atingidas por um tsunami.<\/p>\n<p>\u201cO governo brasileiro expressa suas condol\u00eancias \u00e0s fam\u00edlias das v\u00edtimas, seus votos de recupera\u00e7\u00e3o aos feridos e sua solidariedade ao povo e ao governo da Indon\u00e9sia\u201d, diz o texto.<\/p>\n<p><span id=\"OBJ_PREFIX_DWT873_com_zimbra_date\" role=\"link\">Hoje<\/span>\u00a0(24), as autoridades da Indon\u00e9sia confirmaram a morte de 281 pessoas que estavam nas ilhas de Java e Sumatra.<\/p>\n<p>At\u00e9 o momento, o Itamaraty n\u00e3o tem registro de brasileiros atingidos pelo maremoto. O monitoramento est\u00e1 sendo feito por meio da embaixada brasileira em Jacarta e da Divis\u00e3o de Assist\u00eancia Consular (DAC) em Bras\u00edlia, Os telefones de plant\u00e3o foram divulgados para que qualquer cidad\u00e3o possa notificar a emerg\u00eancia.<\/p>\n<p>O contato com a unidade consular da embaixada em Jacarta \u00e9 <span id=\"OBJ_PREFIX_DWT874_com_zimbra_phone\" role=\"link\">+62 811 800 662<\/span>. Em Bras\u00edlia, o N\u00facleo de Assist\u00eancia a Brasileiros do Itamaraty pode ser acionado pelos telefones <span id=\"OBJ_PREFIX_DWT875_com_zimbra_phone\" role=\"link\">+55 61 2030-8803<\/span>\/8804 (das 8h \u00e0s 20h) e + <span id=\"OBJ_PREFIX_DWT876_com_zimbra_phone\" role=\"link\">55 61 98197-2284<\/span> (plant\u00e3o consular, das 20h \u00e0s 8h) e pelo e-mail <span id=\"OBJ_PREFIX_DWT877_ZmEmailObjectHandler\" role=\"link\"><a target=\"_blank\">dac@itamaraty.gov.br<\/a><\/span>.<\/p>\n<p>&nbsp;<\/p>\n<p>EBC<\/p>\n","protected":false},"excerpt":{"rendered":"<p>Por meio do Itamaraty, o governo brasileiro divulgou nota de pesar e solidariedade ao povo e ao governo da Indon\u00e9sia, que continua trabalhando no resgate&hellip; <\/p>\n","protected":false},"author":1,"featured_media":14712,"comment_status":"closed","ping_status":"closed","sticky":false,"template":"","format":"standard","meta":{"sfsi_plus_gutenberg_text_before_share":"","sfsi_plus_gutenberg_show_text_before_share":"","sfsi_plus_gutenberg_icon_type":"","sfsi_plus_gutenberg_icon_alignemt":"","sfsi_plus_gutenburg_max_per_row":"","footnotes":""},"categories":[11],"tags":[],"class_list":["post-78014","post","type-post","status-publish","format-standard","has-post-thumbnail","hentry","category-politica"],"_links":{"self":[{"href":"https:\/\/www.caririemacao.com\/1\/wp-json\/wp\/v2\/posts\/78014","targetHints":{"allow":["GET"]}}],"collection":[{"href":"https:\/\/www.caririemacao.com\/1\/wp-json\/wp\/v2\/posts"}],"about":[{"href":"https:\/\/www.caririemacao.com\/1\/wp-json\/wp\/v2\/types\/post"}],"author":[{"embeddable":true,"href":"https:\/\/www.caririemacao.com\/1\/wp-json\/wp\/v2\/users\/1"}],"replies":[{"embeddable":true,"href":"https:\/\/www.caririemacao.com\/1\/wp-json\/wp\/v2\/comments?post=78014"}],"version-history":[{"count":1,"href":"https:\/\/www.caririemacao.com\/1\/wp-json\/wp\/v2\/posts\/78014\/revisions"}],"predecessor-version":[{"id":78015,"href":"https:\/\/www.caririemacao.com\/1\/wp-json\/wp\/v2\/posts\/78014\/revisions\/78015"}],"wp:featuredmedia":[{"embeddable":true,"href":"https:\/\/www.caririemacao.com\/1\/wp-json\/wp\/v2\/media\/14712"}],"wp:attachment":[{"href":"https:\/\/www.caririemacao.com\/1\/wp-json\/wp\/v2\/media?parent=78014"}],"wp:term":[{"taxonomy":"category","embeddable":true,"href":"https:\/\/www.caririemacao.com\/1\/wp-json\/wp\/v2\/categories?post=78014"},{"taxonomy":"post_tag","embeddable":true,"href":"https:\/\/www.caririemacao.com\/1\/wp-json\/wp\/v2\/tags?post=78014"}],"curies":[{"name":"wp","href":"https:\/\/api.w.org\/{rel}","templated":true}]}}