{"id":78019,"date":"2018-12-24T09:40:52","date_gmt":"2018-12-24T12:40:52","guid":{"rendered":"http:\/\/www.caririemacao.com\/1\/?p=78019"},"modified":"2018-12-24T09:40:52","modified_gmt":"2018-12-24T12:40:52","slug":"prefeita-anna-lorena-participa-de-festa-de-concluintes-em-cacimba-de-cima","status":"publish","type":"post","link":"https:\/\/www.caririemacao.com\/1\/2018\/12\/24\/prefeita-anna-lorena-participa-de-festa-de-concluintes-em-cacimba-de-cima\/","title":{"rendered":"Prefeita Anna Lorena participa de festa de concluintes em Cacimba de Cima"},"content":{"rendered":"<p>A Prefeita Anna Lorena participou de intensa programa\u00e7\u00e3o neste final de semana em virtude da s\u00e9rie de eventos que est\u00e3o sendo promovidos pela gest\u00e3o municipal<\/p>\n<p>Neste s\u00e1bado, a prefeita participou da tradicional festa da\u201dchegada do papai Noel\u201d com milhares de pessoas em especial crian\u00e7as na Pra\u00e7a Jo\u00e3o Pessoa, mas tamb\u00e9m guardou um tempo para um compromisso com a equipe da secretaria de educa\u00e7\u00e3o<\/p>\n<p>A prefeita esteve presente na festa de formatura dos alunos da escola Tobias Rem\u00edgio Gomes, no s\u00edtio Cacimba de Cima<\/p>\n<p>L\u00e1 a prefeita esteve ao lado da secret\u00e1ria de educa\u00e7\u00e3o professora Ana Lima, e do diretor Robelson Barros, al\u00e9m de professores, alunos e familiares da escola.<\/p>\n<p>\u201cA escola Tobias Rem\u00edgio \u00e9 uma referencia e um orgulho para n\u00f3s, na \u00e1rea educacional e gostar\u00edamos de deseja sucesso a estes alunos concluintes, e que eles possam dar sequencia aos estudos para terem um futuro de sucesso\u201d, disse a prefeita<\/p>\n<p>&nbsp;<\/p>\n<p>Para\u00edba da Gente<\/p>\n<p>&nbsp;<\/p>\n<p>&nbsp;<\/p>\n","protected":false},"excerpt":{"rendered":"<p>A Prefeita Anna Lorena participou de intensa programa\u00e7\u00e3o neste final de semana em virtude da s\u00e9rie de eventos que est\u00e3o sendo promovidos pela gest\u00e3o municipal&hellip; <\/p>\n","protected":false},"author":1,"featured_media":78020,"comment_status":"closed","ping_status":"closed","sticky":false,"template":"","format":"standard","meta":{"sfsi_plus_gutenberg_text_before_share":"","sfsi_plus_gutenberg_show_text_before_share":"","sfsi_plus_gutenberg_icon_type":"","sfsi_plus_gutenberg_icon_alignemt":"","sfsi_plus_gutenburg_max_per_row":"","footnotes":""},"categories":[14],"tags":[],"class_list":["post-78019","post","type-post","status-publish","format-standard","has-post-thumbnail","hentry","category-educacao"],"_links":{"self":[{"href":"https:\/\/www.caririemacao.com\/1\/wp-json\/wp\/v2\/posts\/78019","targetHints":{"allow":["GET"]}}],"collection":[{"href":"https:\/\/www.caririemacao.com\/1\/wp-json\/wp\/v2\/posts"}],"about":[{"href":"https:\/\/www.caririemacao.com\/1\/wp-json\/wp\/v2\/types\/post"}],"author":[{"embeddable":true,"href":"https:\/\/www.caririemacao.com\/1\/wp-json\/wp\/v2\/users\/1"}],"replies":[{"embeddable":true,"href":"https:\/\/www.caririemacao.com\/1\/wp-json\/wp\/v2\/comments?post=78019"}],"version-history":[{"count":1,"href":"https:\/\/www.caririemacao.com\/1\/wp-json\/wp\/v2\/posts\/78019\/revisions"}],"predecessor-version":[{"id":78021,"href":"https:\/\/www.caririemacao.com\/1\/wp-json\/wp\/v2\/posts\/78019\/revisions\/78021"}],"wp:featuredmedia":[{"embeddable":true,"href":"https:\/\/www.caririemacao.com\/1\/wp-json\/wp\/v2\/media\/78020"}],"wp:attachment":[{"href":"https:\/\/www.caririemacao.com\/1\/wp-json\/wp\/v2\/media?parent=78019"}],"wp:term":[{"taxonomy":"category","embeddable":true,"href":"https:\/\/www.caririemacao.com\/1\/wp-json\/wp\/v2\/categories?post=78019"},{"taxonomy":"post_tag","embeddable":true,"href":"https:\/\/www.caririemacao.com\/1\/wp-json\/wp\/v2\/tags?post=78019"}],"curies":[{"name":"wp","href":"https:\/\/api.w.org\/{rel}","templated":true}]}}