{"id":78022,"date":"2018-12-24T09:45:20","date_gmt":"2018-12-24T12:45:20","guid":{"rendered":"http:\/\/www.caririemacao.com\/1\/?p=78022"},"modified":"2018-12-24T09:45:20","modified_gmt":"2018-12-24T12:45:20","slug":"chove-mais-de-100-milimetros-em-zabele-e-ss-do-umbuzeiro","status":"publish","type":"post","link":"https:\/\/www.caririemacao.com\/1\/2018\/12\/24\/chove-mais-de-100-milimetros-em-zabele-e-ss-do-umbuzeiro\/","title":{"rendered":"Chove mais de 100 mil\u00edmetros em Zabel\u00ea e SS do Umbuzeiro"},"content":{"rendered":"<p>Relatos de internautas nas redes sociais d\u00e3o conta de que as chuvas ultrapassaram a casa dos 100 mil\u00edmetros em pelo menos duas cidades do Cariri paraibano: Zabel\u00ea e SS do Umbuzeiro<\/p>\n<p>De acordo com as informa\u00e7\u00f5es foram 109 mm em S\u00e3o Sebasti\u00e3o do Umbuzeiro, enquanto que em Zabel\u00ea as precipita\u00f5es foram de pelo menos 119mm de Zabel\u00ea.<\/p>\n<p>De acordo com Didi Milton, as chuvas foram suficientes para deixar o a\u00e7ude de Santo Ant\u00f4nio, o maior da regi\u00e3o com a metade de sua capacidade.<\/p>\n<p><strong>F\u00c1BIO BRITO<\/strong><\/p>\n","protected":false},"excerpt":{"rendered":"<p>Relatos de internautas nas redes sociais d\u00e3o conta de que as chuvas ultrapassaram a casa dos 100 mil\u00edmetros em pelo menos duas cidades do Cariri&hellip; <\/p>\n","protected":false},"author":1,"featured_media":78023,"comment_status":"closed","ping_status":"closed","sticky":false,"template":"","format":"standard","meta":{"sfsi_plus_gutenberg_text_before_share":"","sfsi_plus_gutenberg_show_text_before_share":"","sfsi_plus_gutenberg_icon_type":"","sfsi_plus_gutenberg_icon_alignemt":"","sfsi_plus_gutenburg_max_per_row":"","footnotes":""},"categories":[6],"tags":[],"class_list":["post-78022","post","type-post","status-publish","format-standard","has-post-thumbnail","hentry","category-cidades"],"_links":{"self":[{"href":"https:\/\/www.caririemacao.com\/1\/wp-json\/wp\/v2\/posts\/78022","targetHints":{"allow":["GET"]}}],"collection":[{"href":"https:\/\/www.caririemacao.com\/1\/wp-json\/wp\/v2\/posts"}],"about":[{"href":"https:\/\/www.caririemacao.com\/1\/wp-json\/wp\/v2\/types\/post"}],"author":[{"embeddable":true,"href":"https:\/\/www.caririemacao.com\/1\/wp-json\/wp\/v2\/users\/1"}],"replies":[{"embeddable":true,"href":"https:\/\/www.caririemacao.com\/1\/wp-json\/wp\/v2\/comments?post=78022"}],"version-history":[{"count":1,"href":"https:\/\/www.caririemacao.com\/1\/wp-json\/wp\/v2\/posts\/78022\/revisions"}],"predecessor-version":[{"id":78024,"href":"https:\/\/www.caririemacao.com\/1\/wp-json\/wp\/v2\/posts\/78022\/revisions\/78024"}],"wp:featuredmedia":[{"embeddable":true,"href":"https:\/\/www.caririemacao.com\/1\/wp-json\/wp\/v2\/media\/78023"}],"wp:attachment":[{"href":"https:\/\/www.caririemacao.com\/1\/wp-json\/wp\/v2\/media?parent=78022"}],"wp:term":[{"taxonomy":"category","embeddable":true,"href":"https:\/\/www.caririemacao.com\/1\/wp-json\/wp\/v2\/categories?post=78022"},{"taxonomy":"post_tag","embeddable":true,"href":"https:\/\/www.caririemacao.com\/1\/wp-json\/wp\/v2\/tags?post=78022"}],"curies":[{"name":"wp","href":"https:\/\/api.w.org\/{rel}","templated":true}]}}