{"id":78028,"date":"2018-12-24T10:28:53","date_gmt":"2018-12-24T13:28:53","guid":{"rendered":"http:\/\/www.caririemacao.com\/1\/?p=78028"},"modified":"2018-12-24T10:28:53","modified_gmt":"2018-12-24T13:28:53","slug":"joao-azevedo-usa-redes-sociais-para-transmitir-mensagem-de-natal-as-familias-paraibanas","status":"publish","type":"post","link":"https:\/\/www.caririemacao.com\/1\/2018\/12\/24\/joao-azevedo-usa-redes-sociais-para-transmitir-mensagem-de-natal-as-familias-paraibanas\/","title":{"rendered":"Jo\u00e3o Azev\u00eado usa redes sociais para transmitir mensagem de Natal \u00e0s fam\u00edlias paraibanas"},"content":{"rendered":"<p>O governador eleito da Para\u00edba, Jo\u00e3o Azev\u00eado, usou suas redes sociais nesta segunda-feira (24) para transmitir seus votos de Natal. Atrav\u00e9s de um v\u00eddeo, ao lado de sua fam\u00edlia, Jo\u00e3o manifestou seus desejos a todas as fam\u00edlias paraibanas.<\/p>\n<p>Jo\u00e3o destacou que nesta \u00e9poca de festa, em meio \u00e0 grande correria, \u201cas confraterniza\u00e7\u00f5es nos tomam bastante tempo e n\u00f3s esquecemos muitas vezes de agradecer, porque temos que lembrar que o Natal \u00e9, acima de tudo, gratid\u00e3o\u201d.<\/p>\n<p>Ele ainda desejou para \u201ctodas as fam\u00edlias da Para\u00edba um grande Natal, repleto de amor, de carinho e uma grande confraterniza\u00e7\u00e3o\u201d. Jo\u00e3o Azev\u00eado toma posse como governador da Para\u00edba no dia 1\u00ba de janeiro.<\/p>\n<div class=\"videoContainer face\"><iframe data-src=\"https:\/\/www.facebook.com\/plugins\/video.php?href=https%3A%2F%2Fwww.facebook.com%2Fjoaoazevedolins%2Fvideos%2F521956561657245%2F&amp;show_text=0&amp;width=560\" width=\"560\" height=\"315\" frameborder=\"0\" scrolling=\"no\" allowfullscreen=\"allowfullscreen\" data-mce-fragment=\"1\" src=\"data:image\/svg+xml;base64,PHN2ZyB3aWR0aD0iMSIgaGVpZ2h0PSIxIiB4bWxucz0iaHR0cDovL3d3dy53My5vcmcvMjAwMC9zdmciPjwvc3ZnPg==\" class=\"lazyload\" data-load-mode=\"1\"><\/iframe><\/div>\n","protected":false},"excerpt":{"rendered":"<p>O governador eleito da Para\u00edba, Jo\u00e3o Azev\u00eado, usou suas redes sociais nesta segunda-feira (24) para transmitir seus votos de Natal. Atrav\u00e9s de um v\u00eddeo, ao&hellip; <\/p>\n","protected":false},"author":1,"featured_media":78029,"comment_status":"closed","ping_status":"closed","sticky":false,"template":"","format":"standard","meta":{"sfsi_plus_gutenberg_text_before_share":"","sfsi_plus_gutenberg_show_text_before_share":"","sfsi_plus_gutenberg_icon_type":"","sfsi_plus_gutenberg_icon_alignemt":"","sfsi_plus_gutenburg_max_per_row":"","footnotes":""},"categories":[11],"tags":[],"class_list":["post-78028","post","type-post","status-publish","format-standard","has-post-thumbnail","hentry","category-politica"],"_links":{"self":[{"href":"https:\/\/www.caririemacao.com\/1\/wp-json\/wp\/v2\/posts\/78028","targetHints":{"allow":["GET"]}}],"collection":[{"href":"https:\/\/www.caririemacao.com\/1\/wp-json\/wp\/v2\/posts"}],"about":[{"href":"https:\/\/www.caririemacao.com\/1\/wp-json\/wp\/v2\/types\/post"}],"author":[{"embeddable":true,"href":"https:\/\/www.caririemacao.com\/1\/wp-json\/wp\/v2\/users\/1"}],"replies":[{"embeddable":true,"href":"https:\/\/www.caririemacao.com\/1\/wp-json\/wp\/v2\/comments?post=78028"}],"version-history":[{"count":1,"href":"https:\/\/www.caririemacao.com\/1\/wp-json\/wp\/v2\/posts\/78028\/revisions"}],"predecessor-version":[{"id":78030,"href":"https:\/\/www.caririemacao.com\/1\/wp-json\/wp\/v2\/posts\/78028\/revisions\/78030"}],"wp:featuredmedia":[{"embeddable":true,"href":"https:\/\/www.caririemacao.com\/1\/wp-json\/wp\/v2\/media\/78029"}],"wp:attachment":[{"href":"https:\/\/www.caririemacao.com\/1\/wp-json\/wp\/v2\/media?parent=78028"}],"wp:term":[{"taxonomy":"category","embeddable":true,"href":"https:\/\/www.caririemacao.com\/1\/wp-json\/wp\/v2\/categories?post=78028"},{"taxonomy":"post_tag","embeddable":true,"href":"https:\/\/www.caririemacao.com\/1\/wp-json\/wp\/v2\/tags?post=78028"}],"curies":[{"name":"wp","href":"https:\/\/api.w.org\/{rel}","templated":true}]}}