{"id":78043,"date":"2018-12-24T11:14:46","date_gmt":"2018-12-24T14:14:46","guid":{"rendered":"http:\/\/www.caririemacao.com\/1\/?p=78043"},"modified":"2018-12-24T11:14:46","modified_gmt":"2018-12-24T14:14:46","slug":"treze-marca-mais-um-amistoso-de-preparacao-para-o-paraibano-2019","status":"publish","type":"post","link":"https:\/\/www.caririemacao.com\/1\/2018\/12\/24\/treze-marca-mais-um-amistoso-de-preparacao-para-o-paraibano-2019\/","title":{"rendered":"Treze marca mais um amistoso de prepara\u00e7\u00e3o para o Paraibano 2019"},"content":{"rendered":"<p>Com o time embalado nesse in\u00edcio de pr\u00e9-temporada ao conquistar duas vit\u00f3rias em amistosos contra Campinense e N\u00e1utico, a diretoria do Treze agendou mais um teste para esse per\u00edodo de prepara\u00e7\u00e3o visando o Campeonato Paraibano 2019.<\/p>\n<p>Na pr\u00f3xima quinta-feira (27), o Galo recebe o Gr\u00eamio Serrano, \u00e0s 20h, no est\u00e1dio Presidente Vargas. Ser\u00e1 o terceiro amistoso do Alvinegro, que ainda tem o jogo amig\u00e1vel da volta ante o N\u00e1utico, marcado para o dia 5 de janeiro, nos Aflitos, em Recife.<\/p>\n<div id=\"attachment_549117\" class=\"wp-caption alignnone\"><img decoding=\"async\" class=\"wp-image-549117 size-medium lazyload\" data-src=\"https:\/\/paraibaonline.com.br\/wp-content\/uploads\/2018\/12\/TrezeFC2019-567x376.jpg\" data-srcset=\"https:\/\/paraibaonline.com.br\/wp-content\/uploads\/2018\/12\/TrezeFC2019-567x376.jpg 567w, https:\/\/paraibaonline.com.br\/wp-content\/uploads\/2018\/12\/TrezeFC2019.jpg 800w\" alt=\"\" src=\"data:image\/svg+xml;base64,PHN2ZyB3aWR0aD0iMSIgaGVpZ2h0PSIxIiB4bWxucz0iaHR0cDovL3d3dy53My5vcmcvMjAwMC9zdmciPjwvc3ZnPg==\" style=\"--smush-placeholder-width: 567px; --smush-placeholder-aspect-ratio: 567\/376;\" \/><\/p>\n<p class=\"wp-caption-text\">Foto: Ascom \/ Treze<\/p>\n<\/div>\n<p>O\u00a0acordo entre dirigentes de Treze e Lobo da Serra foi selado na manh\u00e3 desta segunda-feira. A informa\u00e7\u00e3o foi confirmada pelo presidente galista, Walter Cavalcanti J\u00fanior.<\/p>\n<p>Apesar de estarem na mesma chave do Paraibano 2019, o Grupo A, as duas equipes n\u00e3o v\u00e3o se enfrentar na fase classificat\u00f3ria do estadual.<\/p>\n<p>&nbsp;<\/p>\n<p>Ascom<\/p>\n","protected":false},"excerpt":{"rendered":"<p>Com o time embalado nesse in\u00edcio de pr\u00e9-temporada ao conquistar duas vit\u00f3rias em amistosos contra Campinense e N\u00e1utico, a diretoria do Treze agendou mais um&hellip; <\/p>\n","protected":false},"author":1,"featured_media":78044,"comment_status":"closed","ping_status":"closed","sticky":false,"template":"","format":"standard","meta":{"sfsi_plus_gutenberg_text_before_share":"","sfsi_plus_gutenberg_show_text_before_share":"","sfsi_plus_gutenberg_icon_type":"","sfsi_plus_gutenberg_icon_alignemt":"","sfsi_plus_gutenburg_max_per_row":"","footnotes":""},"categories":[13],"tags":[],"class_list":["post-78043","post","type-post","status-publish","format-standard","has-post-thumbnail","hentry","category-esportes"],"_links":{"self":[{"href":"https:\/\/www.caririemacao.com\/1\/wp-json\/wp\/v2\/posts\/78043","targetHints":{"allow":["GET"]}}],"collection":[{"href":"https:\/\/www.caririemacao.com\/1\/wp-json\/wp\/v2\/posts"}],"about":[{"href":"https:\/\/www.caririemacao.com\/1\/wp-json\/wp\/v2\/types\/post"}],"author":[{"embeddable":true,"href":"https:\/\/www.caririemacao.com\/1\/wp-json\/wp\/v2\/users\/1"}],"replies":[{"embeddable":true,"href":"https:\/\/www.caririemacao.com\/1\/wp-json\/wp\/v2\/comments?post=78043"}],"version-history":[{"count":1,"href":"https:\/\/www.caririemacao.com\/1\/wp-json\/wp\/v2\/posts\/78043\/revisions"}],"predecessor-version":[{"id":78045,"href":"https:\/\/www.caririemacao.com\/1\/wp-json\/wp\/v2\/posts\/78043\/revisions\/78045"}],"wp:featuredmedia":[{"embeddable":true,"href":"https:\/\/www.caririemacao.com\/1\/wp-json\/wp\/v2\/media\/78044"}],"wp:attachment":[{"href":"https:\/\/www.caririemacao.com\/1\/wp-json\/wp\/v2\/media?parent=78043"}],"wp:term":[{"taxonomy":"category","embeddable":true,"href":"https:\/\/www.caririemacao.com\/1\/wp-json\/wp\/v2\/categories?post=78043"},{"taxonomy":"post_tag","embeddable":true,"href":"https:\/\/www.caririemacao.com\/1\/wp-json\/wp\/v2\/tags?post=78043"}],"curies":[{"name":"wp","href":"https:\/\/api.w.org\/{rel}","templated":true}]}}