{"id":78057,"date":"2018-12-24T18:04:48","date_gmt":"2018-12-24T21:04:48","guid":{"rendered":"http:\/\/www.caririemacao.com\/1\/?p=78057"},"modified":"2018-12-24T18:04:48","modified_gmt":"2018-12-24T21:04:48","slug":"inmet-emite-alerta-de-chuvas-intensas-em-mais-de-100-cidades-do-sertao-e-cariri-da-paraiba","status":"publish","type":"post","link":"https:\/\/www.caririemacao.com\/1\/2018\/12\/24\/inmet-emite-alerta-de-chuvas-intensas-em-mais-de-100-cidades-do-sertao-e-cariri-da-paraiba\/","title":{"rendered":"Inmet emite alerta de chuvas intensas em mais de 100 cidades do Sert\u00e3o e Cariri da Para\u00edba"},"content":{"rendered":"<p>O Instituto Nacional de Meteorologia (Inmet) emitiu nesta segunda-feira (24) um alerta para chuvas intensas em 117 cidades do Sert\u00e3o, Cariri e Serid\u00f3 da Para\u00edba. O alerta amarelo de chuvas segue em vigor at\u00e9 as 8h desta ter\u00e7a-feira (25) e abrange oito estados do Nordeste.<\/p>\n<p>Os riscos potenciais que est\u00e3o previstos durante a vig\u00eancia do alerta de chuvas intensas \u00e9 de baixo risco de corte de energia el\u00e9trica, queda de galhos de \u00e1rvores, alagamentos e descargas el\u00e9tricas. \u00c9 recomendado que a popula\u00e7\u00e3o evite o uso de aparelhos eletr\u00f4nicos ligados \u00e0 tomada e em caso de rajadas de vento, n\u00e3o se abrigue debaixo de \u00e1rvores, devido ao risco de queda e descargas el\u00e9tricas, e n\u00e3o estacione ve\u00edculos pr\u00f3ximos a torres de transmiss\u00e3o e placas de propaganda.<\/p>\n<figure><img decoding=\"async\" data-src=\"https:\/\/www.clickpb.com.br\/media\/filer_public\/b3\/be\/b3be3f7a-ab9a-48eb-ab25-a173326fe689\/alerta_de_chuvas_-_inmet.png\" data-image=\"109236\" src=\"data:image\/svg+xml;base64,PHN2ZyB3aWR0aD0iMSIgaGVpZ2h0PSIxIiB4bWxucz0iaHR0cDovL3d3dy53My5vcmcvMjAwMC9zdmciPjwvc3ZnPg==\" class=\"lazyload\" \/><\/figure>\n<p>De acordo com a Ag\u00eancia Executiva de Gest\u00e3o das \u00c1guas (Aesa) para esta segunda-feira (24) est\u00e1 prevista a ocorr\u00eancia de chuvas em todo o Estado da Para\u00edba, principalmente no setor oeste. A maior concentra\u00e7\u00e3o de nuvens sobre o estado acontece em decorr\u00eancia da circula\u00e7\u00e3o dos ventos em m\u00e9dios e altos n\u00edveis da atmosfera. No Cariri\/Curimata\u00fa a m\u00e1xima prevista \u00e9 33\u00b0 e a m\u00ednima, 22\u00b0. J\u00e1 no Sert\u00e3o do Estado, a m\u00e1xima \u00e9 de 35\u00b0 e a m\u00ednima, 24\u00b0.<\/p>\n<figure><img decoding=\"async\" title=\"\" data-src=\"https:\/\/www.clickpb.com.br\/media\/filer_public\/a4\/58\/a4580283-656a-4b38-b9a4-dac56f7ccc62\/preparo_de_chuva_-_nazarezinho_natan_pedroza.jpg\" alt=\"\" data-image=\"109238\" src=\"data:image\/svg+xml;base64,PHN2ZyB3aWR0aD0iMSIgaGVpZ2h0PSIxIiB4bWxucz0iaHR0cDovL3d3dy53My5vcmcvMjAwMC9zdmciPjwvc3ZnPg==\" class=\"lazyload\" \/><figcaption>Preparo de chuva em Nazarezinho &#8211; Foto: Natan Pedroza<\/figcaption><\/figure>\n<p><strong>Confira as cidades afetadas pelo alerta de chuvas intensas na Para\u00edba:<\/strong><\/p>\n<p>\u00c1gua Branca<br \/>\nAguiar<br \/>\nAmparo<br \/>\nAparecida<br \/>\nAreia De Bara\u00fanas<br \/>\nAssun\u00e7\u00e3o<br \/>\nBel\u00e9m Do Brejo Do Cruz<br \/>\nBernardino Batista<br \/>\nBoa Ventura<br \/>\nBom Jesus<br \/>\nBom Sucesso<br \/>\nBonito De Santa F\u00e9<br \/>\nBrejo Do Cruz<br \/>\nBrejo Dos Santos<br \/>\nCachoeira Dos \u00cdndios<br \/>\nCacimba De Areia<br \/>\nCacimbas<br \/>\nCajazeiras<br \/>\nCajazeirinhas<br \/>\nCamala\u00fa<br \/>\nCarrapateira<br \/>\nCatingueira<br \/>\nCatol\u00e9 Do Rocha<br \/>\nConcei\u00e7\u00e3o<br \/>\nCondado<br \/>\nCongo<br \/>\nCoremas<br \/>\nCoxixola<br \/>\nCurral Velho<br \/>\nDesterro<br \/>\nDiamante<br \/>\nEmas<br \/>\nFrei Martinho<br \/>\nGurj\u00e3o<br \/>\nIbiara<br \/>\nIgaracy<br \/>\nImaculada<br \/>\nItaporanga<br \/>\nJeric\u00f3<br \/>\nJoca Claudino<br \/>\nJuazeirinho<br \/>\nJunco Do Serid\u00f3<br \/>\nJuru<br \/>\nLagoa<br \/>\nLastro<br \/>\nLivramento<br \/>\nMalta<br \/>\nMana\u00edra<br \/>\nMariz\u00f3polis<br \/>\nMato Grosso<br \/>\nMatur\u00e9ia<br \/>\nMonte Horebe<br \/>\nMonteiro<br \/>\nM\u00e3e D&#8217;\u00c1gua<br \/>\nNazarezinho<br \/>\nNova Olinda<br \/>\nNova Palmeira<br \/>\nOlho D&#8217;\u00c1gua<br \/>\nOuro Velho<br \/>\nParari<br \/>\nPassagem<br \/>\nPatos<br \/>\nPaulista<br \/>\nPedra Branca<br \/>\nPedra Lavrada<br \/>\nPianc\u00f3<br \/>\nPicu\u00ed<br \/>\nPombal<br \/>\nPo\u00e7o Dantas<br \/>\nPo\u00e7o de Jos\u00e9 de Moura<br \/>\nPrata<br \/>\nPrincesa Isabel<br \/>\nQuixab\u00e1<br \/>\nRiacho dos Cavalos<br \/>\nSalgadinho<br \/>\nSanta Cruz<br \/>\nSanta Helena<br \/>\nSanta In\u00eas<br \/>\nSanta Luzia<br \/>\nSanta Teresinha<br \/>\nSantana de Mangueira<br \/>\nSantana dos Garrotes<br \/>\nSanto Andr\u00e9<br \/>\nSerra Branca<br \/>\nSerra Grande<br \/>\nSoledade<br \/>\nSousa<br \/>\nSum\u00e9<br \/>\nS\u00e3o Bentinho<br \/>\nS\u00e3o Bento<br \/>\nS\u00e3o Domingos<br \/>\nS\u00e3o Francisco<br \/>\nS\u00e3o Jos\u00e9 da Lagoa Tapada<br \/>\nS\u00e3o Jos\u00e9 de Caiana<br \/>\nS\u00e3o Jos\u00e9 de Espinharas<br \/>\nS\u00e3o Jos\u00e9 de Piranhas<br \/>\nS\u00e3o Jos\u00e9 de Princesa<br \/>\nS\u00e3o Jos\u00e9 do Bonfim<br \/>\nS\u00e3o Jos\u00e9 do Brejo do Cruz<br \/>\nS\u00e3o Jos\u00e9 do Sabugi<br \/>\nS\u00e3o Jos\u00e9 dos Cordeiros<br \/>\nS\u00e3o Jo\u00e3o do Cariri<br \/>\nS\u00e3o Jo\u00e3o do Rio do Peixe<br \/>\nS\u00e3o Jo\u00e3o do Tigre<br \/>\nS\u00e3o Mamede<br \/>\nS\u00e3o Sebasti\u00e3o do Umbuzeiro<br \/>\nS\u00e3o Vicente do Serid\u00f3<br \/>\nTapero\u00e1<br \/>\nTavares<br \/>\nTeixeira<br \/>\nTen\u00f3rio<br \/>\nTriunfo<br \/>\nUira\u00fana<br \/>\nVieir\u00f3polis<br \/>\nVista Serrana<br \/>\nV\u00e1rzea<br \/>\nZabel\u00ea<\/p>\n","protected":false},"excerpt":{"rendered":"<p>O Instituto Nacional de Meteorologia (Inmet) emitiu nesta segunda-feira (24) um alerta para chuvas intensas em 117 cidades do Sert\u00e3o, Cariri e Serid\u00f3 da Para\u00edba.&hellip; <\/p>\n","protected":false},"author":1,"featured_media":78058,"comment_status":"closed","ping_status":"closed","sticky":false,"template":"","format":"standard","meta":{"sfsi_plus_gutenberg_text_before_share":"","sfsi_plus_gutenberg_show_text_before_share":"","sfsi_plus_gutenberg_icon_type":"","sfsi_plus_gutenberg_icon_alignemt":"","sfsi_plus_gutenburg_max_per_row":"","footnotes":""},"categories":[2],"tags":[],"class_list":["post-78057","post","type-post","status-publish","format-standard","has-post-thumbnail","hentry","category-geral"],"_links":{"self":[{"href":"https:\/\/www.caririemacao.com\/1\/wp-json\/wp\/v2\/posts\/78057","targetHints":{"allow":["GET"]}}],"collection":[{"href":"https:\/\/www.caririemacao.com\/1\/wp-json\/wp\/v2\/posts"}],"about":[{"href":"https:\/\/www.caririemacao.com\/1\/wp-json\/wp\/v2\/types\/post"}],"author":[{"embeddable":true,"href":"https:\/\/www.caririemacao.com\/1\/wp-json\/wp\/v2\/users\/1"}],"replies":[{"embeddable":true,"href":"https:\/\/www.caririemacao.com\/1\/wp-json\/wp\/v2\/comments?post=78057"}],"version-history":[{"count":1,"href":"https:\/\/www.caririemacao.com\/1\/wp-json\/wp\/v2\/posts\/78057\/revisions"}],"predecessor-version":[{"id":78059,"href":"https:\/\/www.caririemacao.com\/1\/wp-json\/wp\/v2\/posts\/78057\/revisions\/78059"}],"wp:featuredmedia":[{"embeddable":true,"href":"https:\/\/www.caririemacao.com\/1\/wp-json\/wp\/v2\/media\/78058"}],"wp:attachment":[{"href":"https:\/\/www.caririemacao.com\/1\/wp-json\/wp\/v2\/media?parent=78057"}],"wp:term":[{"taxonomy":"category","embeddable":true,"href":"https:\/\/www.caririemacao.com\/1\/wp-json\/wp\/v2\/categories?post=78057"},{"taxonomy":"post_tag","embeddable":true,"href":"https:\/\/www.caririemacao.com\/1\/wp-json\/wp\/v2\/tags?post=78057"}],"curies":[{"name":"wp","href":"https:\/\/api.w.org\/{rel}","templated":true}]}}