{"id":78080,"date":"2018-12-25T06:36:27","date_gmt":"2018-12-25T09:36:27","guid":{"rendered":"http:\/\/www.caririemacao.com\/1\/?p=78080"},"modified":"2018-12-25T06:37:04","modified_gmt":"2018-12-25T09:37:04","slug":"saio-com-a-alma-leve-e-a-consciencia-do-dever-cumprido-diz-temer","status":"publish","type":"post","link":"https:\/\/www.caririemacao.com\/1\/2018\/12\/25\/saio-com-a-alma-leve-e-a-consciencia-do-dever-cumprido-diz-temer\/","title":{"rendered":"&#8220;Saio com a alma leve e a consci\u00eancia do dever cumprido\u201d, diz Temer"},"content":{"rendered":"<p>Em seu \u00faltimo pronunciamento de\u00a0Natal, o presidente Michel Temer agradeceu\u00a0hoje\u00a0(24) a todos os brasileiros, inclusive os que n\u00e3o o apoiaram. Tamb\u00e9m disse que n\u00e3o poupou esfor\u00e7os nem energia, destacou os avan\u00e7os obtidos na sua gest\u00e3o e as reformas negociadas. Ele desejou a todos um Feliz\u00a0Natal\u00a0e disse que deixa o governo \u201ccom a alma leve e a consci\u00eancia do dever cumprido\u201d.<\/p>\n<p>\u201cSaio com a alma leve e a consci\u00eancia do dever cumprido. De cora\u00e7\u00e3o, de cora\u00e7\u00e3o mesmo, o meu muito obrigado a todos voc\u00eas e uma feliz noite de\u00a0Natal. Fiquem com Deus, fiquem em paz\u201d, afirmou Temer, que no\u00a0dia 1\u00ba de janeiro de 2019, ele\u00a0entrega a faixa presidencial para Jair Bolsonaro, eleito em outubro deste ano.<\/p>\n<p>Temer disse ainda que \u201ccabe ao tempo demonstrar\u201d o que fez durante os dois anos e meio que esteve \u00e0 frente do governo. O pronunciamento foi ao ar em cadeia nacional de r\u00e1dio e televis\u00e3o \u00e0s 20h30 e durou aproximadamente tr\u00eas minutos.<\/p>\n<p>\u201c[Quero] agradecer a todos os brasileiros. Indistintamente. Aos que me apoiaram e tamb\u00e9m aos que n\u00e3o me apoiaram. Porque democracia \u00e9 isso. \u00c9 poder pensar e provar que \u00e9 poss\u00edvel fazer mais pelo Brasil e pela vida de todos, independentemente das dificuldades, das barreiras impostas\u201d, disse.<\/p>\n<div class=\"dnd-widget-wrapper context-grande_6colunas type-image atom-align-left\">\n<div class=\"dnd-atom-rendered\">\n<figure class=\"mejs-fotoh-wrapper\"><img decoding=\"async\" class=\"img-responsive full full lazyload\" title=\"Fabio Rodrigues Pozzebom\/Ag\u00eancia Brasil\" data-src=\"http:\/\/imagens.ebc.com.br\/MCXasT-FoK1aBcx43k1EBLrtp-I=\/463x0\/smart\/http:\/\/agenciabrasil.ebc.com.br\/sites\/default\/files\/thumbnails\/image\/fpzzb_abr_201220187559.jpg?itok=qJv1etZf\" alt=\"Presidente Michel Temer durante encontro com servidores da Presid\u00eancia da Rep\u00fablica, no Pal\u00e1cio do Planalto.\" src=\"data:image\/svg+xml;base64,PHN2ZyB3aWR0aD0iMSIgaGVpZ2h0PSIxIiB4bWxucz0iaHR0cDovL3d3dy53My5vcmcvMjAwMC9zdmciPjwvc3ZnPg==\" \/><\/figure>\n<\/div>\n<div class=\"dnd-caption-wrapper\">\n<div class=\"meta\">Michel Temer durante encontro com servidores da Presid\u00eancia da Rep\u00fablica, no Pal\u00e1cio do Planalto\u00a0&#8211;\u00a0<strong>Fabio Rodrigues Pozzebom\/Ag\u00eancia Brasil<\/strong><\/div>\n<\/div>\n<\/div>\n<p>Segundo Temer, cada dificuldade enfrentada foi v\u00e1lida. \u201cValeu cada obst\u00e1culo vencido, cada momento vivido, cada conquista feita\u201d, afirmou. \u201cPodem estar certos de que n\u00e3o poupei esfor\u00e7os, nem energia e sei que entrego um Brasil muito melhor do que aquele que recebi. Ficam as reformas e os avan\u00e7os, que j\u00e1 colocaram o nosso pa\u00eds em um novo tempo.\u201d<\/p>\n<p>O presidente ressaltou que \u00e9 desejo de todos\u00a0ter\u00a0um Brasil \u201ccada vez mais pr\u00f3spero e cada vez mais fraterno, cada vez mais igual\u201d.\u00a0De acordo com ele, em meio a tantos desejos, \u00e9 necess\u00e1rio agradecer a Deus.<\/p>\n<p>\u201c[Quero] agradecer a Deus por\u00a0ter\u00a0me dado oportunidade, a honra de servir ao meu pa\u00eds. Agradecer por ele\u00a0ter\u00a0me dado serenidade para cumprir a miss\u00e3o que me foi designada. Agradecer por ele\u00a0ter\u00a0me permitido fazer valer a Ordem e Progresso\u00a0estampado na nossa bandeira e que se tornou a marca da nossa gest\u00e3o.\u201d<\/p>\n<p>Temer tamb\u00e9m agradeceu \u00e0 fam\u00edlia e aos ministros. \u201cToda a minha equipe, homens e mulheres de valor, que estiveram em todos os momentos ao meu lado e sempre me ajudaram a dar a volta por cima.\u201c<\/p>\n<h2>Veja a \u00edntegra do pronunciamento:<\/h2>\n<p><em>Boa noite a todos!<\/em><\/p>\n<p><em>Dentro de mais alguns dias, encerro o meu mandato como presidente do Brasil. Mas\u00a0hoje\u00a0n\u00e3o estou aqui para falar do que foi feito no meu Governo e de como foi feito. Isto cabe ao tempo demonstrar. Tamb\u00e9m n\u00e3o estou aqui para falar do que vivi e como vivi. E, sim, do que desejo para a vida de todos n\u00f3s. Que \u00e9 o de termos um Brasil cada vez mais pr\u00f3spero e cada vez mais fraterno, cada vez mais igual. E nesta noite t\u00e3o especial, em que ao lado da fam\u00edlia e dos amigos, renovamos a f\u00e9 e a esperan\u00e7a em dias melhores, dias que, com certeza, vir\u00e3o, eu quero, acima de tudo, agradecer.<\/em><\/p>\n<p><em>Agradecer a Deus, por\u00a0ter\u00a0me dado oportunidade, a honra de servir ao meu pa\u00eds. Agradecer por ele\u00a0ter\u00a0me dado serenidade para cumprir a miss\u00e3o que me foi designada. Agradecer por ele\u00a0ter\u00a0me permitido fazer valer a Ordem e Progresso estampado na nossa bandeira e que se tornou a marca da nossa gest\u00e3o. Agradecer a minha fam\u00edlia, por\u00a0ter\u00a0me ajudado a vencer os desafios que se apresentaram pelo caminho. Agradecer aos meus ministros, a toda a minha equipe, homens e mulheres de valor, que estiveram em todos os momentos ao meu lado e sempre me ajudaram a dar a volta por cima.\u00a0<\/em><\/p>\n<p><em>E, \u00e9 claro, agradecer a todos os brasileiros. Indistintamente. Aos que me apoiaram e tamb\u00e9m aos que n\u00e3o me apoiaram. Porque democracia \u00e9 isso. \u00c9 poder pensar e provar que \u00e9 poss\u00edvel fazer mais pelo Brasil e pela vida de todos, independentemente das dificuldades, das barreiras impostas. Ali\u00e1s, foi o que me deu ainda mais for\u00e7a para seguir em frente. Valeu cada obst\u00e1culo vencido, cada momento vivido, cada conquista feita. E tenham certeza, gostaria de\u00a0ter\u00a0dado um Brasil ainda melhor a todos voc\u00eas. Mas, tamb\u00e9m podem estar certos de que n\u00e3o poupei esfor\u00e7os, nem energia e sei que entrego um Brasil muito melhor do que aquele que recebi. Ficam as reformas e os avan\u00e7os, que j\u00e1 colocaram o nosso pa\u00eds em um novo tempo.\u00a0<\/em><\/p>\n<p><em>Saio com a alma leve e a consci\u00eancia do dever cumprido. De cora\u00e7\u00e3o, de cora\u00e7\u00e3o mesmo, o meu muito obrigado a todos voc\u00eas e uma feliz noite de\u00a0Natal. Fiquem com Deus, fiquem em paz.<\/em><\/p>\n<p>&nbsp;<\/p>\n<p>EBC<\/p>\n","protected":false},"excerpt":{"rendered":"<p>Em seu \u00faltimo pronunciamento de\u00a0Natal, o presidente Michel Temer agradeceu\u00a0hoje\u00a0(24) a todos os brasileiros, inclusive os que n\u00e3o o apoiaram. Tamb\u00e9m disse que n\u00e3o poupou&hellip; <\/p>\n","protected":false},"author":1,"featured_media":28001,"comment_status":"closed","ping_status":"closed","sticky":false,"template":"","format":"standard","meta":{"sfsi_plus_gutenberg_text_before_share":"","sfsi_plus_gutenberg_show_text_before_share":"","sfsi_plus_gutenberg_icon_type":"","sfsi_plus_gutenberg_icon_alignemt":"","sfsi_plus_gutenburg_max_per_row":"","footnotes":""},"categories":[11],"tags":[],"class_list":["post-78080","post","type-post","status-publish","format-standard","has-post-thumbnail","hentry","category-politica"],"_links":{"self":[{"href":"https:\/\/www.caririemacao.com\/1\/wp-json\/wp\/v2\/posts\/78080","targetHints":{"allow":["GET"]}}],"collection":[{"href":"https:\/\/www.caririemacao.com\/1\/wp-json\/wp\/v2\/posts"}],"about":[{"href":"https:\/\/www.caririemacao.com\/1\/wp-json\/wp\/v2\/types\/post"}],"author":[{"embeddable":true,"href":"https:\/\/www.caririemacao.com\/1\/wp-json\/wp\/v2\/users\/1"}],"replies":[{"embeddable":true,"href":"https:\/\/www.caririemacao.com\/1\/wp-json\/wp\/v2\/comments?post=78080"}],"version-history":[{"count":1,"href":"https:\/\/www.caririemacao.com\/1\/wp-json\/wp\/v2\/posts\/78080\/revisions"}],"predecessor-version":[{"id":78081,"href":"https:\/\/www.caririemacao.com\/1\/wp-json\/wp\/v2\/posts\/78080\/revisions\/78081"}],"wp:featuredmedia":[{"embeddable":true,"href":"https:\/\/www.caririemacao.com\/1\/wp-json\/wp\/v2\/media\/28001"}],"wp:attachment":[{"href":"https:\/\/www.caririemacao.com\/1\/wp-json\/wp\/v2\/media?parent=78080"}],"wp:term":[{"taxonomy":"category","embeddable":true,"href":"https:\/\/www.caririemacao.com\/1\/wp-json\/wp\/v2\/categories?post=78080"},{"taxonomy":"post_tag","embeddable":true,"href":"https:\/\/www.caririemacao.com\/1\/wp-json\/wp\/v2\/tags?post=78080"}],"curies":[{"name":"wp","href":"https:\/\/api.w.org\/{rel}","templated":true}]}}