{"id":78083,"date":"2018-12-25T06:41:54","date_gmt":"2018-12-25T09:41:54","guid":{"rendered":"http:\/\/www.caririemacao.com\/1\/?p=78083"},"modified":"2018-12-25T06:41:54","modified_gmt":"2018-12-25T09:41:54","slug":"micro-e-pequenos-negocios-tem-crescimento-de-12-na-paraiba","status":"publish","type":"post","link":"https:\/\/www.caririemacao.com\/1\/2018\/12\/25\/micro-e-pequenos-negocios-tem-crescimento-de-12-na-paraiba\/","title":{"rendered":"Micro e pequenos neg\u00f3cios t\u00eam crescimento de 1,2% na Para\u00edba"},"content":{"rendered":"<div class=\"mc-column content-text active-extra-styles active-capital-letter\" data-block-type=\"unstyled\" data-block-weight=\"52\" data-block-id=\"2\">\n<p class=\"content-text__container theme-color-primary-first-letter\" data-track-category=\"Link no Texto\" data-track-links=\"\">O n\u00famero de micro e pequenos neg\u00f3cios aumentou 1,2% na Para\u00edba no \u00faltimos 12 meses, apontam os dados do Sistema de Estat\u00edsticas do Simples Nacional (Sinac), da Receita Federal. Em dezembro do ano passado, eram 153.397 pequenos neg\u00f3cios formalizados em todo o estado. J\u00e1 em 2018, o n\u00famero subiu para 155.244 empreendimentos.<\/p>\n<\/div>\n<div class=\"wall protected-content\">\n<div class=\"mc-column content-text active-extra-styles \" data-block-type=\"unstyled\" data-block-weight=\"63\" data-block-id=\"3\">\n<p class=\"content-text__container \" data-track-category=\"Link no Texto\" data-track-links=\"\">Do total de pequenos neg\u00f3cios registrados, 109.441 correspondem a microempreendedores individuais (MEIs) \u2013 que \u00e9 a pessoa que trabalha por conta pr\u00f3pria e se legaliza como pequeno empres\u00e1rio optante pelo Simples Nacional, com receita bruta anual de at\u00e9 R$ 81 mil; enquanto que 45.803 s\u00e3o micro e pequenas empresas \u2013 sociedades com receita bruta igual ou inferior a R$ 360 mil por ano.<\/p>\n<\/div>\n<div class=\"mc-column content-text active-extra-styles \" data-block-type=\"unstyled\" data-block-weight=\"31\" data-block-id=\"4\">\n<p class=\"content-text__container \" data-track-category=\"Link no Texto\" data-track-links=\"\">Ainda conforme os dados da Receita Federal, em rela\u00e7\u00e3o ao Nordeste, a Para\u00edba ocupa o sexto lugar do ranking entre os nove estados no n\u00famero de empreendimentos formalizados junto ao \u00f3rg\u00e3o.<\/p>\n<\/div>\n<div class=\"mc-column content-text active-extra-styles \" data-block-type=\"unstyled\" data-block-weight=\"48\" data-block-id=\"5\">\n<p class=\"content-text__container \" data-track-category=\"Link no Texto\" data-track-links=\"\">Segundo a gerente de gest\u00e3o estrat\u00e9gica do Sebrae Para\u00edba, Ivani Costa, os dados refor\u00e7am a capacidade dos pequenos neg\u00f3cios em reagir mehor \u00e0s necessidades do mercado, gerando emprego e renda mesmo em momentos dif\u00edceis. Ainda conforme a gerente, os pequenos neg\u00f3cios correspondem a 99% do universo empresarial paraibano.<\/p>\n<\/div>\n<div class=\"mc-column content-text active-extra-styles \" data-block-type=\"unstyled\" data-block-weight=\"3\" data-block-id=\"6\">\n<p class=\"content-text__container \" data-track-category=\"Link no Texto\" data-track-links=\"\"><strong>Gera\u00e7ao de empregos<\/strong><\/p>\n<\/div>\n<div data-track-category=\"fim do conteudo\" data-track-action=\"ultimo chunk conteudo\" data-track-noninteraction=\"false\" data-track-scroll=\"entrada completa viewport\">\n<div class=\"mc-column content-text active-extra-styles \" data-block-type=\"unstyled\" data-block-weight=\"81\" data-block-id=\"7\">\n<p class=\"content-text__container \" data-track-category=\"Link no Texto\" data-track-links=\"\">De janeiro a setembro de 2018, segundo informa\u00e7\u00f5es do Cadastro Geral de Empregados e Desempregados (Caged), do Minist\u00e9rio do Trabalho, as micro e pequenas empresas da Para\u00edba geraram 5.096 postos de trabalho com carteira assinada, com destaque para os setores de servi\u00e7os (3.329 vagas), agropecu\u00e1ria (738 vagas) e com\u00e9rcio (630 vagas). Somente em setembro, conforme o levantamento, 55,2% dos 2.083 empregos formais gerados na Para\u00edba foram dos pequenos neg\u00f3cios. O percentual corresponde a 1.151 do total de postos de trabalho criados.<\/p>\n<\/div>\n<\/div>\n<\/div>\n<p data-track-category=\"Link no Texto\" data-track-links=\"\">\n<p data-track-category=\"Link no Texto\" data-track-links=\"\">EBC<\/p>\n","protected":false},"excerpt":{"rendered":"<p>O n\u00famero de micro e pequenos neg\u00f3cios aumentou 1,2% na Para\u00edba no \u00faltimos 12 meses, apontam os dados do Sistema de Estat\u00edsticas do Simples Nacional&hellip; <\/p>\n","protected":false},"author":1,"featured_media":40270,"comment_status":"closed","ping_status":"closed","sticky":false,"template":"","format":"standard","meta":{"sfsi_plus_gutenberg_text_before_share":"","sfsi_plus_gutenberg_show_text_before_share":"","sfsi_plus_gutenberg_icon_type":"","sfsi_plus_gutenberg_icon_alignemt":"","sfsi_plus_gutenburg_max_per_row":"","footnotes":""},"categories":[2],"tags":[],"class_list":["post-78083","post","type-post","status-publish","format-standard","has-post-thumbnail","hentry","category-geral"],"_links":{"self":[{"href":"https:\/\/www.caririemacao.com\/1\/wp-json\/wp\/v2\/posts\/78083","targetHints":{"allow":["GET"]}}],"collection":[{"href":"https:\/\/www.caririemacao.com\/1\/wp-json\/wp\/v2\/posts"}],"about":[{"href":"https:\/\/www.caririemacao.com\/1\/wp-json\/wp\/v2\/types\/post"}],"author":[{"embeddable":true,"href":"https:\/\/www.caririemacao.com\/1\/wp-json\/wp\/v2\/users\/1"}],"replies":[{"embeddable":true,"href":"https:\/\/www.caririemacao.com\/1\/wp-json\/wp\/v2\/comments?post=78083"}],"version-history":[{"count":1,"href":"https:\/\/www.caririemacao.com\/1\/wp-json\/wp\/v2\/posts\/78083\/revisions"}],"predecessor-version":[{"id":78084,"href":"https:\/\/www.caririemacao.com\/1\/wp-json\/wp\/v2\/posts\/78083\/revisions\/78084"}],"wp:featuredmedia":[{"embeddable":true,"href":"https:\/\/www.caririemacao.com\/1\/wp-json\/wp\/v2\/media\/40270"}],"wp:attachment":[{"href":"https:\/\/www.caririemacao.com\/1\/wp-json\/wp\/v2\/media?parent=78083"}],"wp:term":[{"taxonomy":"category","embeddable":true,"href":"https:\/\/www.caririemacao.com\/1\/wp-json\/wp\/v2\/categories?post=78083"},{"taxonomy":"post_tag","embeddable":true,"href":"https:\/\/www.caririemacao.com\/1\/wp-json\/wp\/v2\/tags?post=78083"}],"curies":[{"name":"wp","href":"https:\/\/api.w.org\/{rel}","templated":true}]}}