{"id":78086,"date":"2018-12-25T06:46:37","date_gmt":"2018-12-25T09:46:37","guid":{"rendered":"http:\/\/www.caririemacao.com\/1\/?p=78086"},"modified":"2018-12-25T06:46:37","modified_gmt":"2018-12-25T09:46:37","slug":"em-brasilia-ricardo-vai-ajudar-brasil-a-fazer-oposicao-a-bolsonaro-acredita-socialista","status":"publish","type":"post","link":"https:\/\/www.caririemacao.com\/1\/2018\/12\/25\/em-brasilia-ricardo-vai-ajudar-brasil-a-fazer-oposicao-a-bolsonaro-acredita-socialista\/","title":{"rendered":"&#8216;Em Bras\u00edlia, Ricardo vai ajudar Brasil a fazer oposi\u00e7\u00e3o a Bolsonaro&#8217;, acredita socialista"},"content":{"rendered":"<p align=\"left\">Nesta segunda-feira (24), o deputado estadual Adriano Galdino (PSB), comentou a elei\u00e7\u00e3o do governador Ricardo Coutinho para liderar a Funda\u00e7\u00e3o Jo\u00e3o Mangabeira, importante institui\u00e7\u00e3o do Partido Socialista Brasileiro no \u00e2mbito nacional. Para Galdino, Coutinho deve ser um representante da oposi\u00e7\u00e3o ao presidente eleito Jair Bolsonaro (PSL).<\/p>\n<p align=\"left\">\u201cEle vai discutir o Brasil, buscar o debate a n\u00edvel nacional, seus problemas e solu\u00e7\u00f5es e acompanhar fazendo oposi\u00e7\u00e3o ao governo Bolsonaro para que tenhamos cada vez mais pol\u00edticas p\u00fablicas voltadas para os interesses maiores do povo brasileiro\u201d, disse em entrevista ao programa Rede Verdade, da TV Arapuan.<\/p>\n<p align=\"left\">Adriano continuou: \u201cele vai, com certeza, buscar esse debate nacional e, com a compet\u00eancia, conhecimento e equil\u00edbrio que Ricardo tem, vai ajudar o Brasil e os brasileiros com o di\u00e1logo de oposi\u00e7\u00e3o com Bolsonaro\u201d.<\/p>\n<p align=\"left\">\n<p align=\"left\">Para\u00edba.com<\/p>\n","protected":false},"excerpt":{"rendered":"<p>Nesta segunda-feira (24), o deputado estadual Adriano Galdino (PSB), comentou a elei\u00e7\u00e3o do governador Ricardo Coutinho para liderar a Funda\u00e7\u00e3o Jo\u00e3o Mangabeira, importante institui\u00e7\u00e3o do&hellip; <\/p>\n","protected":false},"author":1,"featured_media":71370,"comment_status":"closed","ping_status":"closed","sticky":false,"template":"","format":"standard","meta":{"sfsi_plus_gutenberg_text_before_share":"","sfsi_plus_gutenberg_show_text_before_share":"","sfsi_plus_gutenberg_icon_type":"","sfsi_plus_gutenberg_icon_alignemt":"","sfsi_plus_gutenburg_max_per_row":"","footnotes":""},"categories":[11],"tags":[],"class_list":["post-78086","post","type-post","status-publish","format-standard","has-post-thumbnail","hentry","category-politica"],"_links":{"self":[{"href":"https:\/\/www.caririemacao.com\/1\/wp-json\/wp\/v2\/posts\/78086","targetHints":{"allow":["GET"]}}],"collection":[{"href":"https:\/\/www.caririemacao.com\/1\/wp-json\/wp\/v2\/posts"}],"about":[{"href":"https:\/\/www.caririemacao.com\/1\/wp-json\/wp\/v2\/types\/post"}],"author":[{"embeddable":true,"href":"https:\/\/www.caririemacao.com\/1\/wp-json\/wp\/v2\/users\/1"}],"replies":[{"embeddable":true,"href":"https:\/\/www.caririemacao.com\/1\/wp-json\/wp\/v2\/comments?post=78086"}],"version-history":[{"count":1,"href":"https:\/\/www.caririemacao.com\/1\/wp-json\/wp\/v2\/posts\/78086\/revisions"}],"predecessor-version":[{"id":78087,"href":"https:\/\/www.caririemacao.com\/1\/wp-json\/wp\/v2\/posts\/78086\/revisions\/78087"}],"wp:featuredmedia":[{"embeddable":true,"href":"https:\/\/www.caririemacao.com\/1\/wp-json\/wp\/v2\/media\/71370"}],"wp:attachment":[{"href":"https:\/\/www.caririemacao.com\/1\/wp-json\/wp\/v2\/media?parent=78086"}],"wp:term":[{"taxonomy":"category","embeddable":true,"href":"https:\/\/www.caririemacao.com\/1\/wp-json\/wp\/v2\/categories?post=78086"},{"taxonomy":"post_tag","embeddable":true,"href":"https:\/\/www.caririemacao.com\/1\/wp-json\/wp\/v2\/tags?post=78086"}],"curies":[{"name":"wp","href":"https:\/\/api.w.org\/{rel}","templated":true}]}}