{"id":78088,"date":"2018-12-25T06:50:38","date_gmt":"2018-12-25T09:50:38","guid":{"rendered":"http:\/\/www.caririemacao.com\/1\/?p=78088"},"modified":"2018-12-25T06:50:38","modified_gmt":"2018-12-25T09:50:38","slug":"galdino-relembra-joao-foi-eleito-porque-mostrou-que-continuara-trabalho-de-ricardo","status":"publish","type":"post","link":"https:\/\/www.caririemacao.com\/1\/2018\/12\/25\/galdino-relembra-joao-foi-eleito-porque-mostrou-que-continuara-trabalho-de-ricardo\/","title":{"rendered":"Galdino relembra: \u2018Jo\u00e3o foi eleito porque mostrou que continuar\u00e1 trabalho de Ricardo\u2019"},"content":{"rendered":"<div class=\"noticiacorpo\">\n<p>O deputado estadual Adriano Galdino (PSB) participou, nesta segunda-feira (24), do programa Rede Verdade, da TV Arapuan. Na oportunidade, ele relembrou a elei\u00e7\u00e3o de Jo\u00e3o Azev\u00eado (PSB), escolhido em outubro para ser o pr\u00f3ximo governador da Para\u00edba em substitui\u00e7\u00e3o ao tamb\u00e9m socialista Ricardo Coutinho.<\/p>\n<p>\u201cNo come\u00e7ou, sendo franco, achei que n\u00e3o seria no primeiro turno, mas, quando foi se aproximando outubro, mudei de opini\u00e3o. Pela firmeza da figura de Jo\u00e3o e da gest\u00e3o de Ricardo, que come\u00e7ou a mostrar claramente como era importante que esse governo pudesse continuar. Jo\u00e3o conseguiu passar com compet\u00eancia essa imagem da pessoa que vai continuar esse trabalho\u201d, contou.<\/p>\n<p>Para Adriano, a divis\u00e3o pol\u00edtica existente dentro do grupo oposicionista n\u00e3o interferiu nos votos para Azev\u00eado: \u201cseria o mesmo porque a mensagem de Ricardo chegou a todos porque transformou vidas e deu qualidade de vida. E a empatia de Jo\u00e3o passou seguran\u00e7a, compet\u00eancia, determina\u00e7\u00e3o, mostrou que estava preparado para continuar\u201d.<\/p>\n<\/div>\n<p class=\"noticia_fonte\">\n<strong>Yves Feitosa<\/strong><\/p>\n","protected":false},"excerpt":{"rendered":"<p>O deputado estadual Adriano Galdino (PSB) participou, nesta segunda-feira (24), do programa Rede Verdade, da TV Arapuan. Na oportunidade, ele relembrou a elei\u00e7\u00e3o de Jo\u00e3o&hellip; <\/p>\n","protected":false},"author":1,"featured_media":25221,"comment_status":"closed","ping_status":"closed","sticky":false,"template":"","format":"standard","meta":{"sfsi_plus_gutenberg_text_before_share":"","sfsi_plus_gutenberg_show_text_before_share":"","sfsi_plus_gutenberg_icon_type":"","sfsi_plus_gutenberg_icon_alignemt":"","sfsi_plus_gutenburg_max_per_row":"","footnotes":""},"categories":[11],"tags":[],"class_list":["post-78088","post","type-post","status-publish","format-standard","has-post-thumbnail","hentry","category-politica"],"_links":{"self":[{"href":"https:\/\/www.caririemacao.com\/1\/wp-json\/wp\/v2\/posts\/78088","targetHints":{"allow":["GET"]}}],"collection":[{"href":"https:\/\/www.caririemacao.com\/1\/wp-json\/wp\/v2\/posts"}],"about":[{"href":"https:\/\/www.caririemacao.com\/1\/wp-json\/wp\/v2\/types\/post"}],"author":[{"embeddable":true,"href":"https:\/\/www.caririemacao.com\/1\/wp-json\/wp\/v2\/users\/1"}],"replies":[{"embeddable":true,"href":"https:\/\/www.caririemacao.com\/1\/wp-json\/wp\/v2\/comments?post=78088"}],"version-history":[{"count":1,"href":"https:\/\/www.caririemacao.com\/1\/wp-json\/wp\/v2\/posts\/78088\/revisions"}],"predecessor-version":[{"id":78089,"href":"https:\/\/www.caririemacao.com\/1\/wp-json\/wp\/v2\/posts\/78088\/revisions\/78089"}],"wp:featuredmedia":[{"embeddable":true,"href":"https:\/\/www.caririemacao.com\/1\/wp-json\/wp\/v2\/media\/25221"}],"wp:attachment":[{"href":"https:\/\/www.caririemacao.com\/1\/wp-json\/wp\/v2\/media?parent=78088"}],"wp:term":[{"taxonomy":"category","embeddable":true,"href":"https:\/\/www.caririemacao.com\/1\/wp-json\/wp\/v2\/categories?post=78088"},{"taxonomy":"post_tag","embeddable":true,"href":"https:\/\/www.caririemacao.com\/1\/wp-json\/wp\/v2\/tags?post=78088"}],"curies":[{"name":"wp","href":"https:\/\/api.w.org\/{rel}","templated":true}]}}