{"id":78094,"date":"2018-12-25T06:58:17","date_gmt":"2018-12-25T09:58:17","guid":{"rendered":"http:\/\/www.caririemacao.com\/1\/?p=78094"},"modified":"2018-12-25T06:58:17","modified_gmt":"2018-12-25T09:58:17","slug":"irmaos-brigam-e-se-esfaqueiam-no-cariri-do-estado","status":"publish","type":"post","link":"https:\/\/www.caririemacao.com\/1\/2018\/12\/25\/irmaos-brigam-e-se-esfaqueiam-no-cariri-do-estado\/","title":{"rendered":"Irm\u00e3os brigam e se esfaqueiam no Cariri do Estado"},"content":{"rendered":"<p>Uma briga familiar acabou com irm\u00e3os esfaqueados na cidade de Olivedos, no Cariri do Estado, na noite desse domingo, 23.<\/p>\n<p>Segundo informa\u00e7\u00f5es, os irm\u00e3os, um de 54 anos e outro de 49 anos, discutiram e acabaram se esfaqueando.<\/p>\n<p>Os dois foram socorridos para o Hospital de Trauma de Campina Grande, e um deles passou por uma cirurgia.<\/p>\n<p>&nbsp;<\/p>\n<p>JPB<\/p>\n","protected":false},"excerpt":{"rendered":"<p>Uma briga familiar acabou com irm\u00e3os esfaqueados na cidade de Olivedos, no Cariri do Estado, na noite desse domingo, 23. Segundo informa\u00e7\u00f5es, os irm\u00e3os, um&hellip; <\/p>\n","protected":false},"author":1,"featured_media":52952,"comment_status":"closed","ping_status":"closed","sticky":false,"template":"","format":"standard","meta":{"sfsi_plus_gutenberg_text_before_share":"","sfsi_plus_gutenberg_show_text_before_share":"","sfsi_plus_gutenberg_icon_type":"","sfsi_plus_gutenberg_icon_alignemt":"","sfsi_plus_gutenburg_max_per_row":"","footnotes":""},"categories":[50,12],"tags":[],"class_list":["post-78094","post","type-post","status-publish","format-standard","has-post-thumbnail","hentry","category-destaque","category-policia"],"_links":{"self":[{"href":"https:\/\/www.caririemacao.com\/1\/wp-json\/wp\/v2\/posts\/78094","targetHints":{"allow":["GET"]}}],"collection":[{"href":"https:\/\/www.caririemacao.com\/1\/wp-json\/wp\/v2\/posts"}],"about":[{"href":"https:\/\/www.caririemacao.com\/1\/wp-json\/wp\/v2\/types\/post"}],"author":[{"embeddable":true,"href":"https:\/\/www.caririemacao.com\/1\/wp-json\/wp\/v2\/users\/1"}],"replies":[{"embeddable":true,"href":"https:\/\/www.caririemacao.com\/1\/wp-json\/wp\/v2\/comments?post=78094"}],"version-history":[{"count":1,"href":"https:\/\/www.caririemacao.com\/1\/wp-json\/wp\/v2\/posts\/78094\/revisions"}],"predecessor-version":[{"id":78095,"href":"https:\/\/www.caririemacao.com\/1\/wp-json\/wp\/v2\/posts\/78094\/revisions\/78095"}],"wp:featuredmedia":[{"embeddable":true,"href":"https:\/\/www.caririemacao.com\/1\/wp-json\/wp\/v2\/media\/52952"}],"wp:attachment":[{"href":"https:\/\/www.caririemacao.com\/1\/wp-json\/wp\/v2\/media?parent=78094"}],"wp:term":[{"taxonomy":"category","embeddable":true,"href":"https:\/\/www.caririemacao.com\/1\/wp-json\/wp\/v2\/categories?post=78094"},{"taxonomy":"post_tag","embeddable":true,"href":"https:\/\/www.caririemacao.com\/1\/wp-json\/wp\/v2\/tags?post=78094"}],"curies":[{"name":"wp","href":"https:\/\/api.w.org\/{rel}","templated":true}]}}