{"id":78101,"date":"2018-12-25T07:05:14","date_gmt":"2018-12-25T10:05:14","guid":{"rendered":"http:\/\/www.caririemacao.com\/1\/?p=78101"},"modified":"2018-12-25T07:05:14","modified_gmt":"2018-12-25T10:05:14","slug":"zagueiro-e-meia-deixam-o-campinense-apos-periodo-de-avaliacao","status":"publish","type":"post","link":"https:\/\/www.caririemacao.com\/1\/2018\/12\/25\/zagueiro-e-meia-deixam-o-campinense-apos-periodo-de-avaliacao\/","title":{"rendered":"Zagueiro e meia deixam o Campinense ap\u00f3s per\u00edodo de avalia\u00e7\u00e3o"},"content":{"rendered":"<p>Com uma receita limitada e um elenco enxuto para a temporada 2019, o Campinense chega na sua quinta semana de pr\u00e9-temporada desligando dois jogadores.<\/p>\n<p>O zagueiro Alaf e o meia Weslei Lelo, que estavam em per\u00edodo de avalia\u00e7\u00e3o, n\u00e3o seguem com o grupo comandado pelo t\u00e9cnico Francisco Di\u00e1. Ambos sequer foram relacionados para os amistoso realizados at\u00e9 ent\u00e3o.<\/p>\n<p>A informa\u00e7\u00e3o foi confirmada pelo pr\u00f3prio treinador, neste domingo (23), em entrevista \u00e0 R\u00e1dio CBN, ap\u00f3s a vit\u00f3ria por 3 a 1 sobre o Santa Cruz de Natal, no segundo amistoso do Rubro-Negro nesse per\u00edodo de prepara\u00e7\u00e3o.<\/p>\n<div id=\"attachment_549133\" class=\"wp-caption alignnone\"><img decoding=\"async\" class=\"wp-image-549133 size-medium lazyload\" data-src=\"https:\/\/paraibaonline.com.br\/wp-content\/uploads\/2018\/12\/FranciscoDi%C3%A1-567x407.jpg\" data-srcset=\"https:\/\/paraibaonline.com.br\/wp-content\/uploads\/2018\/12\/FranciscoDi\u00e1-567x407.jpg 567w, https:\/\/paraibaonline.com.br\/wp-content\/uploads\/2018\/12\/FranciscoDi\u00e1.jpg 594w\" alt=\"\" src=\"data:image\/svg+xml;base64,PHN2ZyB3aWR0aD0iMSIgaGVpZ2h0PSIxIiB4bWxucz0iaHR0cDovL3d3dy53My5vcmcvMjAwMC9zdmciPjwvc3ZnPg==\" style=\"--smush-placeholder-width: 567px; --smush-placeholder-aspect-ratio: 567\/407;\" \/><\/p>\n<p class=\"wp-caption-text\">Foto: Ascom \/ Campinense<\/p>\n<\/div>\n<p>\u2013 Eu n\u00e3o conhecia os jogadores, que chegaram para uma fase de teste. N\u00e3o \u00e9 segredo pra ningu\u00e9m que o Campinense hoje passa por dificuldade financeira e esse tipo de situa\u00e7\u00e3o \u00e9 normal. S\u00e3o dois bons atletas, mas com caracter\u00edsticas muito parecidas com as das pe\u00e7as que n\u00f3s j\u00e1 temos no elenco. Ent\u00e3o achamos por bem libera-los \u2013 justificou Francisco Di\u00e1.<\/p>\n<p>O t\u00e9cnico da Raposa ainda descartou, por enquanto, a realiza\u00e7\u00e3o de um amistoso no pr\u00f3ximo domingo, dia 30. Ele disse que vai aguardar a recupera\u00e7\u00e3o do meia Alisson e do atacante Felipe Tchel\u00e9 para intensificar os treinamentos visando o jogo contra o Central, \u00faltimo teste do Rubro-Negro antes do Campeonato Paraibano.<\/p>\n<p>A partida ante a Patativa do Agreste pernambucano est\u00e1 agendada para as 16h do dia 6 de janeiro, um domingo antes da estreia raposeira no estadual de 2019. O amistoso vai acontecer no Amig\u00e3o, em Campina Grande.<\/p>\n<p>O Campinense inicia o Paraibano contra o Sousa, dia 13 de janeiro, no Sert\u00e3o.<\/p>\n","protected":false},"excerpt":{"rendered":"<p>Com uma receita limitada e um elenco enxuto para a temporada 2019, o Campinense chega na sua quinta semana de pr\u00e9-temporada desligando dois jogadores. O&hellip; <\/p>\n","protected":false},"author":1,"featured_media":78102,"comment_status":"closed","ping_status":"closed","sticky":false,"template":"","format":"standard","meta":{"sfsi_plus_gutenberg_text_before_share":"","sfsi_plus_gutenberg_show_text_before_share":"","sfsi_plus_gutenberg_icon_type":"","sfsi_plus_gutenberg_icon_alignemt":"","sfsi_plus_gutenburg_max_per_row":"","footnotes":""},"categories":[13],"tags":[],"class_list":["post-78101","post","type-post","status-publish","format-standard","has-post-thumbnail","hentry","category-esportes"],"_links":{"self":[{"href":"https:\/\/www.caririemacao.com\/1\/wp-json\/wp\/v2\/posts\/78101","targetHints":{"allow":["GET"]}}],"collection":[{"href":"https:\/\/www.caririemacao.com\/1\/wp-json\/wp\/v2\/posts"}],"about":[{"href":"https:\/\/www.caririemacao.com\/1\/wp-json\/wp\/v2\/types\/post"}],"author":[{"embeddable":true,"href":"https:\/\/www.caririemacao.com\/1\/wp-json\/wp\/v2\/users\/1"}],"replies":[{"embeddable":true,"href":"https:\/\/www.caririemacao.com\/1\/wp-json\/wp\/v2\/comments?post=78101"}],"version-history":[{"count":1,"href":"https:\/\/www.caririemacao.com\/1\/wp-json\/wp\/v2\/posts\/78101\/revisions"}],"predecessor-version":[{"id":78103,"href":"https:\/\/www.caririemacao.com\/1\/wp-json\/wp\/v2\/posts\/78101\/revisions\/78103"}],"wp:featuredmedia":[{"embeddable":true,"href":"https:\/\/www.caririemacao.com\/1\/wp-json\/wp\/v2\/media\/78102"}],"wp:attachment":[{"href":"https:\/\/www.caririemacao.com\/1\/wp-json\/wp\/v2\/media?parent=78101"}],"wp:term":[{"taxonomy":"category","embeddable":true,"href":"https:\/\/www.caririemacao.com\/1\/wp-json\/wp\/v2\/categories?post=78101"},{"taxonomy":"post_tag","embeddable":true,"href":"https:\/\/www.caririemacao.com\/1\/wp-json\/wp\/v2\/tags?post=78101"}],"curies":[{"name":"wp","href":"https:\/\/api.w.org\/{rel}","templated":true}]}}