{"id":78114,"date":"2018-12-25T19:14:04","date_gmt":"2018-12-25T22:14:04","guid":{"rendered":"http:\/\/www.caririemacao.com\/1\/?p=78114"},"modified":"2018-12-25T19:14:04","modified_gmt":"2018-12-25T22:14:04","slug":"na-tarde-desta-terca-25-o-prefeito-sandro-moco-atraves-da-secretaria-de-assistencia-social-possibilitou-um-natal-mais-feliz-as-criancas-de-camalau","status":"publish","type":"post","link":"https:\/\/www.caririemacao.com\/1\/2018\/12\/25\/na-tarde-desta-terca-25-o-prefeito-sandro-moco-atraves-da-secretaria-de-assistencia-social-possibilitou-um-natal-mais-feliz-as-criancas-de-camalau\/","title":{"rendered":"Na tarde desta ter\u00e7a (25), o prefeito Sandro M\u00f4co atrav\u00e9s da Secretaria de Assist\u00eancia Social, possibilitou um Natal mais feliz \u00e0s crian\u00e7as de Camala\u00fa"},"content":{"rendered":"<p>Na tarde desta ter\u00e7a (25), o prefeito Sandro M\u00f4co atrav\u00e9s da Secretaria de Assist\u00eancia Social, possibilitou um Natal mais feliz \u00e0s crian\u00e7as de Camala\u00fa.<\/p>\n<p>Foram entregues presentes a todos que ali estavam. O evento contou ainda, com a chegada do Papai Noel, que encantou ainda mais essa tarde celebrativa.<\/p>\n<p>Estiveram no local, o vice-prefeito Ezequiel S\u00f3stenes, os vereadores Bezerra, Bhira Mariano e Celio M\u00f4co. E, al\u00e9m da secret\u00e1ria de assist\u00eancia social, os secret\u00e1rios de administra\u00e7\u00e3o e de educa\u00e7\u00e3o.<\/p>\n<p>&#8220;\u00c9 muito gratificante poder proporcionar essa alegria e ver o brilho no olhar de cada crian\u00e7a. \u00c9 um momento de humanidade e solidariedade, desejo que o esp\u00edrito natalino esteja presente em nossas vidas todos os dias do ano. Um feliz e aben\u00e7oado Natal a todas as fam\u00edlias camalauenses&#8221;, finalizou o prefeito.<\/p>\n<p>&nbsp;<\/p>\n<p>Ascom\/CAMALAU<\/p>\n","protected":false},"excerpt":{"rendered":"<p>Na tarde desta ter\u00e7a (25), o prefeito Sandro M\u00f4co atrav\u00e9s da Secretaria de Assist\u00eancia Social, possibilitou um Natal mais feliz \u00e0s crian\u00e7as de Camala\u00fa. Foram&hellip; <\/p>\n","protected":false},"author":1,"featured_media":78115,"comment_status":"closed","ping_status":"closed","sticky":false,"template":"","format":"standard","meta":{"sfsi_plus_gutenberg_text_before_share":"","sfsi_plus_gutenberg_show_text_before_share":"","sfsi_plus_gutenberg_icon_type":"","sfsi_plus_gutenberg_icon_alignemt":"","sfsi_plus_gutenburg_max_per_row":"","footnotes":""},"categories":[2],"tags":[],"class_list":["post-78114","post","type-post","status-publish","format-standard","has-post-thumbnail","hentry","category-geral"],"_links":{"self":[{"href":"https:\/\/www.caririemacao.com\/1\/wp-json\/wp\/v2\/posts\/78114","targetHints":{"allow":["GET"]}}],"collection":[{"href":"https:\/\/www.caririemacao.com\/1\/wp-json\/wp\/v2\/posts"}],"about":[{"href":"https:\/\/www.caririemacao.com\/1\/wp-json\/wp\/v2\/types\/post"}],"author":[{"embeddable":true,"href":"https:\/\/www.caririemacao.com\/1\/wp-json\/wp\/v2\/users\/1"}],"replies":[{"embeddable":true,"href":"https:\/\/www.caririemacao.com\/1\/wp-json\/wp\/v2\/comments?post=78114"}],"version-history":[{"count":1,"href":"https:\/\/www.caririemacao.com\/1\/wp-json\/wp\/v2\/posts\/78114\/revisions"}],"predecessor-version":[{"id":78116,"href":"https:\/\/www.caririemacao.com\/1\/wp-json\/wp\/v2\/posts\/78114\/revisions\/78116"}],"wp:featuredmedia":[{"embeddable":true,"href":"https:\/\/www.caririemacao.com\/1\/wp-json\/wp\/v2\/media\/78115"}],"wp:attachment":[{"href":"https:\/\/www.caririemacao.com\/1\/wp-json\/wp\/v2\/media?parent=78114"}],"wp:term":[{"taxonomy":"category","embeddable":true,"href":"https:\/\/www.caririemacao.com\/1\/wp-json\/wp\/v2\/categories?post=78114"},{"taxonomy":"post_tag","embeddable":true,"href":"https:\/\/www.caririemacao.com\/1\/wp-json\/wp\/v2\/tags?post=78114"}],"curies":[{"name":"wp","href":"https:\/\/api.w.org\/{rel}","templated":true}]}}