{"id":78135,"date":"2018-12-26T06:52:26","date_gmt":"2018-12-26T09:52:26","guid":{"rendered":"http:\/\/www.caririemacao.com\/1\/?p=78135"},"modified":"2018-12-26T06:52:26","modified_gmt":"2018-12-26T09:52:26","slug":"goleiros-do-palmeiras-ja-miram-concorrencia-em-2019-e-nao-baixam-guarda","status":"publish","type":"post","link":"https:\/\/www.caririemacao.com\/1\/2018\/12\/26\/goleiros-do-palmeiras-ja-miram-concorrencia-em-2019-e-nao-baixam-guarda\/","title":{"rendered":"Goleiros do Palmeiras j\u00e1 miram concorr\u00eancia em 2019 e n\u00e3o \u201cbaixam guarda\u201d"},"content":{"rendered":"<p>O elenco do Palmeiras est\u00e1 de f\u00e9rias, mas isso n\u00e3o quer dizer que todos os jogadores estejam apenas aproveitando o per\u00edodo para descansar. Com uma concorr\u00eancia acirrada em praticamente todas as posi\u00e7\u00f5es, uma delas em especial vem chamando aten\u00e7\u00e3o: a de goleiro. Os tr\u00eas nomes alviverdes para a fun\u00e7\u00e3o n\u00e3o relaxam dos cuidados com a forma nem mesmo no final de ano, de olho na disputa pelo posto de titular em 2019.<\/p>\n<p>Weverton, que terminou o ano como titular, aproveitou sua passagem pela cidade natal Rio Branco para treinar no Atl\u00e9tico-AC, clube local que disputa a S\u00e9rie C. J\u00e1 Jailson e Fernando Prass, os concorrentes pela posi\u00e7\u00e3o, tomaram medidas extras para cuidar da forma f\u00edsica durante toda a temporada por causa da idade avan\u00e7ada e de problemas m\u00e9dicos recentes. Com 37 e 40 anos, respectivamente, eles est\u00e3o de contrato renovado para 2019.<\/p>\n<p>A expectativa de Jailson e Prass \u00e9 que Felip\u00e3o d\u00ea a eles mais oportunidades no ano que vem, possivelmente estendendo o sistema de rod\u00edzio aplicado aos jogadores de linha tamb\u00e9m para a fun\u00e7\u00e3o de goleiro. A princ\u00edpio, Scolari prefere manter um titular fixo, que hoje seria Weverton. Mas especialmente no Campeonato Paulista, os dois veteranos, muito queridos pela torcida, podem ganhar chances.<\/p>\n<p>Em 2018, quem come\u00e7ou o ano como titular foi supreendentemente Jailson, escolhido por Roger Machado durante a pr\u00e9-temporada. O goleiro come\u00e7ou muito bem e foi destaque do Paulist\u00e3o, mas viu o desempenho cair perto do meio do ano e acabou perdendo a posi\u00e7\u00e3o para Weverton. Contratado do Atl\u00e9tico-PR com a expectativa de ser titular, o goleiro campe\u00e3o ol\u00edmpico com o Brasil em 2016 n\u00e3o perdeu mais o posto. J\u00e1 Prass foi sempre a segunda op\u00e7\u00e3o ao longo da temporada.<\/p>\n<p>Com a mentalidade de elenco forte e concorr\u00eancia sadia interna, os tr\u00eas goleiros sabem que n\u00e3o poder\u00e3o \u201cbaixar a guarda\u201d quando o time se reapresentar para 2019. Felip\u00e3o estar\u00e1 de olho nos primeiros treinos para avaliar o desempenho de todos, embora Weverton naturalmente largue na frente para come\u00e7ar o ano que vem como tituGoleiroslar.<\/p>\n<p>&nbsp;<\/p>\n<p>UOL<\/p>\n","protected":false},"excerpt":{"rendered":"<p>O elenco do Palmeiras est\u00e1 de f\u00e9rias, mas isso n\u00e3o quer dizer que todos os jogadores estejam apenas aproveitando o per\u00edodo para descansar. Com uma&hellip; <\/p>\n","protected":false},"author":1,"featured_media":78136,"comment_status":"closed","ping_status":"closed","sticky":false,"template":"","format":"standard","meta":{"sfsi_plus_gutenberg_text_before_share":"","sfsi_plus_gutenberg_show_text_before_share":"","sfsi_plus_gutenberg_icon_type":"","sfsi_plus_gutenberg_icon_alignemt":"","sfsi_plus_gutenburg_max_per_row":"","footnotes":""},"categories":[13],"tags":[],"class_list":["post-78135","post","type-post","status-publish","format-standard","has-post-thumbnail","hentry","category-esportes"],"_links":{"self":[{"href":"https:\/\/www.caririemacao.com\/1\/wp-json\/wp\/v2\/posts\/78135","targetHints":{"allow":["GET"]}}],"collection":[{"href":"https:\/\/www.caririemacao.com\/1\/wp-json\/wp\/v2\/posts"}],"about":[{"href":"https:\/\/www.caririemacao.com\/1\/wp-json\/wp\/v2\/types\/post"}],"author":[{"embeddable":true,"href":"https:\/\/www.caririemacao.com\/1\/wp-json\/wp\/v2\/users\/1"}],"replies":[{"embeddable":true,"href":"https:\/\/www.caririemacao.com\/1\/wp-json\/wp\/v2\/comments?post=78135"}],"version-history":[{"count":1,"href":"https:\/\/www.caririemacao.com\/1\/wp-json\/wp\/v2\/posts\/78135\/revisions"}],"predecessor-version":[{"id":78137,"href":"https:\/\/www.caririemacao.com\/1\/wp-json\/wp\/v2\/posts\/78135\/revisions\/78137"}],"wp:featuredmedia":[{"embeddable":true,"href":"https:\/\/www.caririemacao.com\/1\/wp-json\/wp\/v2\/media\/78136"}],"wp:attachment":[{"href":"https:\/\/www.caririemacao.com\/1\/wp-json\/wp\/v2\/media?parent=78135"}],"wp:term":[{"taxonomy":"category","embeddable":true,"href":"https:\/\/www.caririemacao.com\/1\/wp-json\/wp\/v2\/categories?post=78135"},{"taxonomy":"post_tag","embeddable":true,"href":"https:\/\/www.caririemacao.com\/1\/wp-json\/wp\/v2\/tags?post=78135"}],"curies":[{"name":"wp","href":"https:\/\/api.w.org\/{rel}","templated":true}]}}