{"id":78138,"date":"2018-12-26T06:55:07","date_gmt":"2018-12-26T09:55:07","guid":{"rendered":"http:\/\/www.caririemacao.com\/1\/?p=78138"},"modified":"2018-12-26T06:55:07","modified_gmt":"2018-12-26T09:55:07","slug":"morre-ex-deputado-federal-e-amigo-do-ex-presidente-lula","status":"publish","type":"post","link":"https:\/\/www.caririemacao.com\/1\/2018\/12\/26\/morre-ex-deputado-federal-e-amigo-do-ex-presidente-lula\/","title":{"rendered":"Morre ex-deputado federal e amigo do ex-presidente Lula"},"content":{"rendered":"<p>O ex-deputado federal Sigmaringa Seixas (<em>na foto, conversando com o ex-ministro Jos\u00e9 Dirceu<\/em>) morreu nesta ter\u00e7a-feira (25), aos 74 anos, devido a uma parada card\u00edaca. Ele estava internado no hospital S\u00edrio-Liban\u00eas, em S\u00e3o Paulo, chegou a fazer transplante de medula h\u00e1 alguns dias e n\u00e3o resistiu ao procedimento.<\/p>\n<p>Filiado ao PT, o advogado carioca era amigo e consultor do ex-presidente Luiz In\u00e1cio Lula da Silva com procura\u00e7\u00e3o para defend\u00ea-lo caso fosse necess\u00e1rio.<\/p>\n<p>Parlamentar por tr\u00eas mandatos, Seixas come\u00e7ou sua carreira pol\u00edtica no MDB elegendo-se deputado federal em 1986 pelo Distrito Federal. Participou da Assembleia Nacional Constituinte, em 1988, ano em que migrou para o PSDB, partido que ajudou a fundar e pelo qual tamb\u00e9m foi eleito deputado.<\/p>\n<p>Foi reeleito em 1990 e votou favoravelmente ao impeachment de Fernando Collor de Mello, em 1992.<\/p>\n<p>Derrotado nas elei\u00e7\u00f5es de 1994, em que tentava uma vaga no Senado, filiou-se ao PT. Em 2002, foi reeleito deputado.<\/p>\n<p>O vel\u00f3rio e o enterro do advogado ser\u00e3o realizados a partir das 8h de quarta-feira (26), no cemit\u00e9rio Campo da Esperan\u00e7a, em Bras\u00edlia, cidade onde ele vivia com a fam\u00edlia. O sepultamento est\u00e1 marcado para as 16h30.<\/p>\n<p>Seixas sempre teve uma postura cr\u00edtica em rela\u00e7\u00e3o ao PT e, por isso, era visto com desconfian\u00e7a por uma ala do partido.<\/p>\n<p>Antes do impeachment de Dilma Rousseff (PT), ele tentou intermediar, em 2015, um encontro entre Lula e Fernando Henrique Cardoso. Teve o aval de dois para a abertura do di\u00e1logo, mas a articula\u00e7\u00e3o foi abortada quando a opera\u00e7\u00e3o veio \u00e0 tona -e FHC chegou a ser chamado de gag\u00e1 nas redes sociais.<\/p>\n<p>O advogado era pr\u00f3ximo de Lula, a ponto de frequentar sua casa em momentos cruciais da vida do ex-presidente. Mas sempre foi discreto. Uma conversa entre os dois acabou caindo em um grampo da Pol\u00edcia Federal.<\/p>\n<p>Na grava\u00e7\u00e3o, o ex-presidente pedia a Seixas que conversasse com o ex-procurador-geral da Rep\u00fablica Rodrigo Janot sobre as investiga\u00e7\u00f5es contra ele e dissesse que desejava doar todos os bens e itens que ganhou ao Minist\u00e9rio P\u00fablico.<\/p>\n<p>\u201cComo ele aceitou um pedido de um cara l\u00e1 de Manaus pra investigar as coisas que eu ganhei, pergunta pra ele se no Minist\u00e9rio P\u00fablico tiver um lugar eu mando tudo pra l\u00e1. Pra eles tomarem conta, porque eu n\u00e3o tenho nenhum interesse de ficar com isso\u201d, afirmou o ex-presidente.<br \/>\nLula tamb\u00e9m se queixa das investiga\u00e7\u00f5es sobre os pagamentos de empreiteiras para sua manuten\u00e7\u00e3o.<\/p>\n<p>Sig, como era seu apelido, foi respons\u00e1vel pela indica\u00e7\u00e3o ao STF (Supremo Tribunal Federal) de Teori Zavascki, de quem era amigo. A escolha renderia a ele cr\u00edticas de petistas quando, ao se tornar relator da Opera\u00e7\u00e3o Lava Jato no Supremo, Teori incluiu Lula em inqu\u00e9ritos e decidiu anular as grava\u00e7\u00f5es que o juiz Sergio Moro divulgara com conversas entre o ex-presidente e Dilma.<\/p>\n<p>Era tido como poderoso e chegou ter influ\u00eancia tamb\u00e9m no governo Dilma. Uma de suas \u00faltimas tarefas foi conter a crise entre Sep\u00falveda Pertence e os demais advogados de Lula, evitando a sa\u00edda abrupta do ex-ministro do STF da defesa do petista na Lava Jato.<\/p>\n<p>REPERCUSS\u00c3O<\/p>\n<p>A morte de Sigmaringa foi lamentada por pol\u00edticos, que publicaram homenagens nas redes sociais.<\/p>\n<p>O presidente Michel Temer (MDB) publicou, no Twitter: \u201cLamento imensamente a morte do grande advogado e homem p\u00fablico, Sigmaringa Seixas, um lutador pela democracia brasileira. Meus sentimentos de pesar \u00e0 familia e amigos\u201d.<\/p>\n<p>A presidente nacional do PT, a senadora e deputada federal eleita Gleisi Hoffmann (PR), escreveu que ele era um \u201clutador incans\u00e1vel pela justi\u00e7a e pela democracia em nosso pa\u00eds. Vai fazer muita, muita falta Sig! Solidariedade \u00e0 fam\u00edlia e amigos\u201d, escreveu.<\/p>\n<p>O governador do Distrito Federal, Rodrigo Rollemberg (PSB), tamb\u00e9m usou as redes sociais para lamentar a morte. \u201cMuito triste com a morte do querido amigo Sigmaringa. Democrata, sempre investiu no di\u00e1logo para buscar solu\u00e7\u00f5es para o Brasil. Bras\u00edlia est\u00e1 de luto!!! Vamos sentir muito sua falta!!!\u201d<\/p>\n<p>Ex-ministro da Educa\u00e7\u00e3o do governo Lula e senador pelo PPS, Cristovam Buarque afirmou que Sigmaringa \u201cera pessoa de gigantescas qualidades, sobretudo a de fazer e manter amizades. Sua morte \u00e9 uma imensa perda para todos seus amigos: nosso mundo ficou menor\u201d.<\/p>\n<p>O ex-senador e atual vereador da capital paulista Eduardo Suplicy (PT) descreveu o advogado como \u201cum incans\u00e1vel advogado defensor de nossos companheiros, um amigo certo nas horas incertas\u201d.<\/p>\n<p>\u201cPerdemos hoje um lutador pelos direitos individuais e coletivos e um defensor da democracia. Que Deus conforte o cora\u00e7\u00e3o da fam\u00edlia e amigos do deputado Sigmaringa Seixas\u201d, disse o senador Romero Juc\u00e1 (MDB-RR), tamb\u00e9m pelo Twitter.<\/p>\n<p>Ex-ministro da Justi\u00e7a, Eug\u00eanio Arag\u00e3o escreveu em suas redes sociais que o advogado dedicou a vida para ajudar e \u201cpoliticamente nunca deixou a peteca cair\u201d. \u201cSempre foi coerente com seus ideais e seus valores. Estava muito abalado com o golpe de 2016 e com a enorme injusti\u00e7a feita ao nosso presidente Lula\u201d, afirmou.<\/p>\n","protected":false},"excerpt":{"rendered":"<p>O ex-deputado federal Sigmaringa Seixas (na foto, conversando com o ex-ministro Jos\u00e9 Dirceu) morreu nesta ter\u00e7a-feira (25), aos 74 anos, devido a uma parada card\u00edaca.&hellip; <\/p>\n","protected":false},"author":1,"featured_media":78139,"comment_status":"closed","ping_status":"closed","sticky":false,"template":"","format":"standard","meta":{"sfsi_plus_gutenberg_text_before_share":"","sfsi_plus_gutenberg_show_text_before_share":"","sfsi_plus_gutenberg_icon_type":"","sfsi_plus_gutenberg_icon_alignemt":"","sfsi_plus_gutenburg_max_per_row":"","footnotes":""},"categories":[11],"tags":[],"class_list":["post-78138","post","type-post","status-publish","format-standard","has-post-thumbnail","hentry","category-politica"],"_links":{"self":[{"href":"https:\/\/www.caririemacao.com\/1\/wp-json\/wp\/v2\/posts\/78138","targetHints":{"allow":["GET"]}}],"collection":[{"href":"https:\/\/www.caririemacao.com\/1\/wp-json\/wp\/v2\/posts"}],"about":[{"href":"https:\/\/www.caririemacao.com\/1\/wp-json\/wp\/v2\/types\/post"}],"author":[{"embeddable":true,"href":"https:\/\/www.caririemacao.com\/1\/wp-json\/wp\/v2\/users\/1"}],"replies":[{"embeddable":true,"href":"https:\/\/www.caririemacao.com\/1\/wp-json\/wp\/v2\/comments?post=78138"}],"version-history":[{"count":1,"href":"https:\/\/www.caririemacao.com\/1\/wp-json\/wp\/v2\/posts\/78138\/revisions"}],"predecessor-version":[{"id":78140,"href":"https:\/\/www.caririemacao.com\/1\/wp-json\/wp\/v2\/posts\/78138\/revisions\/78140"}],"wp:featuredmedia":[{"embeddable":true,"href":"https:\/\/www.caririemacao.com\/1\/wp-json\/wp\/v2\/media\/78139"}],"wp:attachment":[{"href":"https:\/\/www.caririemacao.com\/1\/wp-json\/wp\/v2\/media?parent=78138"}],"wp:term":[{"taxonomy":"category","embeddable":true,"href":"https:\/\/www.caririemacao.com\/1\/wp-json\/wp\/v2\/categories?post=78138"},{"taxonomy":"post_tag","embeddable":true,"href":"https:\/\/www.caririemacao.com\/1\/wp-json\/wp\/v2\/tags?post=78138"}],"curies":[{"name":"wp","href":"https:\/\/api.w.org\/{rel}","templated":true}]}}