{"id":78141,"date":"2018-12-26T06:58:15","date_gmt":"2018-12-26T09:58:15","guid":{"rendered":"http:\/\/www.caririemacao.com\/1\/?p=78141"},"modified":"2018-12-26T06:58:15","modified_gmt":"2018-12-26T09:58:15","slug":"ufrn-inscreve-para-concurso-com-53-vagas-e-salarios-de-ate-r-10-mil","status":"publish","type":"post","link":"https:\/\/www.caririemacao.com\/1\/2018\/12\/26\/ufrn-inscreve-para-concurso-com-53-vagas-e-salarios-de-ate-r-10-mil\/","title":{"rendered":"UFRN inscreve para concurso com 53 vagas e sal\u00e1rios de at\u00e9 R$ 10 mil"},"content":{"rendered":"<p>A Universidade Federal do Rio Grande do Norte (UFRN) abre, nesta quarta-feira (26), inscri\u00e7\u00f5es para 53 vagas para professor adjunto e auxiliar. Os sal\u00e1rios variam de R$ R$ 2.671,66 (auxiliar) a R$ 10.058,92 (adjunto &#8211; dedica\u00e7\u00e3o exclusiva).<\/p>\n<figure><img decoding=\"async\" data-src=\"https:\/\/www.clickpb.com.br\/media\/filer_public\/84\/05\/84050819-3d26-4d4a-8da5-bb1d9641e323\/ufrn_concurso_salarios.jpg\" data-image=\"109283\" src=\"data:image\/svg+xml;base64,PHN2ZyB3aWR0aD0iMSIgaGVpZ2h0PSIxIiB4bWxucz0iaHR0cDovL3d3dy53My5vcmcvMjAwMC9zdmciPjwvc3ZnPg==\" class=\"lazyload\" \/><\/figure>\n<p>A taxa de inscri\u00e7\u00e3o varia de R$ 50 a R$ 220, a depender do cargo que o candidato escolher disputar no concurso.<\/p>\n<figure><img decoding=\"async\" data-src=\"https:\/\/www.clickpb.com.br\/media\/filer_public\/e8\/cf\/e8cf75be-78c6-4979-be32-395657a60731\/ufrn_concurso_taxa_de_inscricao.jpg\" data-image=\"109285\" src=\"data:image\/svg+xml;base64,PHN2ZyB3aWR0aD0iMSIgaGVpZ2h0PSIxIiB4bWxucz0iaHR0cDovL3d3dy53My5vcmcvMjAwMC9zdmciPjwvc3ZnPg==\" class=\"lazyload\" \/><\/figure>\n<p><a href=\"http:\/\/file\/\/\/C:\/Users\/Lucas\/Downloads\/EDITAL_N_023_2018-PROGESP_Com_Programas_-_21.12.18.pdf\" target=\"true\">Veja edital completo do concurso da UFRN para professor adjunto e professor auxiliar<\/a><\/p>\n<p>As inscri\u00e7\u00f5es podem ser feitas at\u00e9 24 de janeiro e as provas ser\u00e3o aplicadas entre 28 de abril e 25 de maio de 2019, de acordo com cada centro de ensino da universidade.<\/p>\n<figure><img decoding=\"async\" data-src=\"https:\/\/www.clickpb.com.br\/media\/filer_public\/96\/94\/9694a732-a31f-458b-b52a-cfd400ab2397\/ufrn_concurso_calendario.jpg\" data-image=\"109284\" src=\"data:image\/svg+xml;base64,PHN2ZyB3aWR0aD0iMSIgaGVpZ2h0PSIxIiB4bWxucz0iaHR0cDovL3d3dy53My5vcmcvMjAwMC9zdmciPjwvc3ZnPg==\" class=\"lazyload\" \/><\/figure>\n","protected":false},"excerpt":{"rendered":"<p>A Universidade Federal do Rio Grande do Norte (UFRN) abre, nesta quarta-feira (26), inscri\u00e7\u00f5es para 53 vagas para professor adjunto e auxiliar. Os sal\u00e1rios variam&hellip; <\/p>\n","protected":false},"author":1,"featured_media":68227,"comment_status":"closed","ping_status":"closed","sticky":false,"template":"","format":"standard","meta":{"sfsi_plus_gutenberg_text_before_share":"","sfsi_plus_gutenberg_show_text_before_share":"","sfsi_plus_gutenberg_icon_type":"","sfsi_plus_gutenberg_icon_alignemt":"","sfsi_plus_gutenburg_max_per_row":"","footnotes":""},"categories":[50,2],"tags":[],"class_list":["post-78141","post","type-post","status-publish","format-standard","has-post-thumbnail","hentry","category-destaque","category-geral"],"_links":{"self":[{"href":"https:\/\/www.caririemacao.com\/1\/wp-json\/wp\/v2\/posts\/78141","targetHints":{"allow":["GET"]}}],"collection":[{"href":"https:\/\/www.caririemacao.com\/1\/wp-json\/wp\/v2\/posts"}],"about":[{"href":"https:\/\/www.caririemacao.com\/1\/wp-json\/wp\/v2\/types\/post"}],"author":[{"embeddable":true,"href":"https:\/\/www.caririemacao.com\/1\/wp-json\/wp\/v2\/users\/1"}],"replies":[{"embeddable":true,"href":"https:\/\/www.caririemacao.com\/1\/wp-json\/wp\/v2\/comments?post=78141"}],"version-history":[{"count":1,"href":"https:\/\/www.caririemacao.com\/1\/wp-json\/wp\/v2\/posts\/78141\/revisions"}],"predecessor-version":[{"id":78142,"href":"https:\/\/www.caririemacao.com\/1\/wp-json\/wp\/v2\/posts\/78141\/revisions\/78142"}],"wp:featuredmedia":[{"embeddable":true,"href":"https:\/\/www.caririemacao.com\/1\/wp-json\/wp\/v2\/media\/68227"}],"wp:attachment":[{"href":"https:\/\/www.caririemacao.com\/1\/wp-json\/wp\/v2\/media?parent=78141"}],"wp:term":[{"taxonomy":"category","embeddable":true,"href":"https:\/\/www.caririemacao.com\/1\/wp-json\/wp\/v2\/categories?post=78141"},{"taxonomy":"post_tag","embeddable":true,"href":"https:\/\/www.caririemacao.com\/1\/wp-json\/wp\/v2\/tags?post=78141"}],"curies":[{"name":"wp","href":"https:\/\/api.w.org\/{rel}","templated":true}]}}