{"id":78144,"date":"2018-12-26T07:01:55","date_gmt":"2018-12-26T10:01:55","guid":{"rendered":"http:\/\/www.caririemacao.com\/1\/?p=78144"},"modified":"2018-12-26T07:01:55","modified_gmt":"2018-12-26T10:01:55","slug":"zabele-aumenta-em-27-o-numero-de-servidores-e-folha-inchou-em-r-51-mil","status":"publish","type":"post","link":"https:\/\/www.caririemacao.com\/1\/2018\/12\/26\/zabele-aumenta-em-27-o-numero-de-servidores-e-folha-inchou-em-r-51-mil\/","title":{"rendered":"Zabel\u00ea aumenta em 27% o n\u00famero de servidores e folha &#8216;inchou&#8217; em R$ 51 mil"},"content":{"rendered":"<p>A Prefeitura de Zabel\u00ea aumentou em 27% o n\u00famero de servidores municipais. A administra\u00e7\u00e3o p\u00fablica tinha 162 funcion\u00e1rios em janeiro deste ano e, em outubro, passou a ter 223, ou seja, mais 61 trabalhadores vinculados \u00e0s reparti\u00e7\u00f5es do munic\u00edpio.<\/p>\n<p>Havia um gasto mensal de R$ 341.398,69 com a folha de pessoal, em janeiro de 2018. Em outubro esse custo subiu para R$ 392.949,06. Foram R$ 51.550,37 a mais nas contas da prefeitura para pagar mais sal\u00e1rios.<\/p>\n<p>As informa\u00e7\u00f5es constam no Sagres do Tribunal de Contas do Estado da Para\u00edba (TCE-PB).<\/p>\n<figure><img decoding=\"async\" data-src=\"https:\/\/www.clickpb.com.br\/media\/filer_public\/6c\/22\/6c22ded1-55ac-4c3e-9cca-aacde808f759\/zabele_gastos_servidores_sagres_jan_out_2018.jpg\" data-image=\"109282\" src=\"data:image\/svg+xml;base64,PHN2ZyB3aWR0aD0iMSIgaGVpZ2h0PSIxIiB4bWxucz0iaHR0cDovL3d3dy53My5vcmcvMjAwMC9zdmciPjwvc3ZnPg==\" class=\"lazyload\" \/><\/figure>\n<p>&nbsp;<\/p>\n<p>ClickPB<\/p>\n","protected":false},"excerpt":{"rendered":"<p>A Prefeitura de Zabel\u00ea aumentou em 27% o n\u00famero de servidores municipais. A administra\u00e7\u00e3o p\u00fablica tinha 162 funcion\u00e1rios em janeiro deste ano e, em outubro,&hellip; <\/p>\n","protected":false},"author":1,"featured_media":78145,"comment_status":"closed","ping_status":"closed","sticky":false,"template":"","format":"standard","meta":{"sfsi_plus_gutenberg_text_before_share":"","sfsi_plus_gutenberg_show_text_before_share":"","sfsi_plus_gutenberg_icon_type":"","sfsi_plus_gutenberg_icon_alignemt":"","sfsi_plus_gutenburg_max_per_row":"","footnotes":""},"categories":[6],"tags":[],"class_list":["post-78144","post","type-post","status-publish","format-standard","has-post-thumbnail","hentry","category-cidades"],"_links":{"self":[{"href":"https:\/\/www.caririemacao.com\/1\/wp-json\/wp\/v2\/posts\/78144","targetHints":{"allow":["GET"]}}],"collection":[{"href":"https:\/\/www.caririemacao.com\/1\/wp-json\/wp\/v2\/posts"}],"about":[{"href":"https:\/\/www.caririemacao.com\/1\/wp-json\/wp\/v2\/types\/post"}],"author":[{"embeddable":true,"href":"https:\/\/www.caririemacao.com\/1\/wp-json\/wp\/v2\/users\/1"}],"replies":[{"embeddable":true,"href":"https:\/\/www.caririemacao.com\/1\/wp-json\/wp\/v2\/comments?post=78144"}],"version-history":[{"count":1,"href":"https:\/\/www.caririemacao.com\/1\/wp-json\/wp\/v2\/posts\/78144\/revisions"}],"predecessor-version":[{"id":78146,"href":"https:\/\/www.caririemacao.com\/1\/wp-json\/wp\/v2\/posts\/78144\/revisions\/78146"}],"wp:featuredmedia":[{"embeddable":true,"href":"https:\/\/www.caririemacao.com\/1\/wp-json\/wp\/v2\/media\/78145"}],"wp:attachment":[{"href":"https:\/\/www.caririemacao.com\/1\/wp-json\/wp\/v2\/media?parent=78144"}],"wp:term":[{"taxonomy":"category","embeddable":true,"href":"https:\/\/www.caririemacao.com\/1\/wp-json\/wp\/v2\/categories?post=78144"},{"taxonomy":"post_tag","embeddable":true,"href":"https:\/\/www.caririemacao.com\/1\/wp-json\/wp\/v2\/tags?post=78144"}],"curies":[{"name":"wp","href":"https:\/\/api.w.org\/{rel}","templated":true}]}}