{"id":78149,"date":"2018-12-26T07:04:04","date_gmt":"2018-12-26T10:04:04","guid":{"rendered":"http:\/\/www.caririemacao.com\/1\/?p=78149"},"modified":"2018-12-26T07:04:04","modified_gmt":"2018-12-26T10:04:04","slug":"preso-homem-flagrado-abusando-sexualmente-da-enteada-de-2-anos-de-idade","status":"publish","type":"post","link":"https:\/\/www.caririemacao.com\/1\/2018\/12\/26\/preso-homem-flagrado-abusando-sexualmente-da-enteada-de-2-anos-de-idade\/","title":{"rendered":"Preso homem flagrado abusando sexualmente da enteada de 2 anos de idade"},"content":{"rendered":"<p>A Pol\u00edcia Militar prendeu um homem acusado de abusar sexualmente da enteada de dois anos de idade, na madrugada desta ter\u00e7a-feira (25), em Cajazeiras, no Sert\u00e3o da Para\u00edba.<\/p>\n<p>O suspeito foi flagrado pela m\u00e3e da crian\u00e7a deitado em uma rede, nu, acariciando as partes \u00edntimas da menina.<\/p>\n<p>A pol\u00edcia foi chamada ao local, mas o suspeito fugiu. Ap\u00f3s dilig\u00eancias, ele foi localizado nas proximidades da resid\u00eancia da v\u00edtima.<\/p>\n<p>A v\u00edtima foi levada para o Hospital de Cajazeiras para exames e atendimento m\u00e9dico.<\/p>\n<p>Jos\u00e9 Claudio da Silva, 39 anos, foi preso e conduzido para a Delegacia de Cajazeiras.<\/p>\n<p>&nbsp;<\/p>\n<p>ClickPB<\/p>\n","protected":false},"excerpt":{"rendered":"<p>A Pol\u00edcia Militar prendeu um homem acusado de abusar sexualmente da enteada de dois anos de idade, na madrugada desta ter\u00e7a-feira (25), em Cajazeiras, no&hellip; <\/p>\n","protected":false},"author":1,"featured_media":78150,"comment_status":"closed","ping_status":"closed","sticky":false,"template":"","format":"standard","meta":{"sfsi_plus_gutenberg_text_before_share":"","sfsi_plus_gutenberg_show_text_before_share":"","sfsi_plus_gutenberg_icon_type":"","sfsi_plus_gutenberg_icon_alignemt":"","sfsi_plus_gutenburg_max_per_row":"","footnotes":""},"categories":[12],"tags":[],"class_list":["post-78149","post","type-post","status-publish","format-standard","has-post-thumbnail","hentry","category-policia"],"_links":{"self":[{"href":"https:\/\/www.caririemacao.com\/1\/wp-json\/wp\/v2\/posts\/78149","targetHints":{"allow":["GET"]}}],"collection":[{"href":"https:\/\/www.caririemacao.com\/1\/wp-json\/wp\/v2\/posts"}],"about":[{"href":"https:\/\/www.caririemacao.com\/1\/wp-json\/wp\/v2\/types\/post"}],"author":[{"embeddable":true,"href":"https:\/\/www.caririemacao.com\/1\/wp-json\/wp\/v2\/users\/1"}],"replies":[{"embeddable":true,"href":"https:\/\/www.caririemacao.com\/1\/wp-json\/wp\/v2\/comments?post=78149"}],"version-history":[{"count":1,"href":"https:\/\/www.caririemacao.com\/1\/wp-json\/wp\/v2\/posts\/78149\/revisions"}],"predecessor-version":[{"id":78151,"href":"https:\/\/www.caririemacao.com\/1\/wp-json\/wp\/v2\/posts\/78149\/revisions\/78151"}],"wp:featuredmedia":[{"embeddable":true,"href":"https:\/\/www.caririemacao.com\/1\/wp-json\/wp\/v2\/media\/78150"}],"wp:attachment":[{"href":"https:\/\/www.caririemacao.com\/1\/wp-json\/wp\/v2\/media?parent=78149"}],"wp:term":[{"taxonomy":"category","embeddable":true,"href":"https:\/\/www.caririemacao.com\/1\/wp-json\/wp\/v2\/categories?post=78149"},{"taxonomy":"post_tag","embeddable":true,"href":"https:\/\/www.caririemacao.com\/1\/wp-json\/wp\/v2\/tags?post=78149"}],"curies":[{"name":"wp","href":"https:\/\/api.w.org\/{rel}","templated":true}]}}