{"id":78158,"date":"2018-12-26T07:13:50","date_gmt":"2018-12-26T10:13:50","guid":{"rendered":"http:\/\/www.caririemacao.com\/1\/?p=78158"},"modified":"2018-12-26T07:13:50","modified_gmt":"2018-12-26T10:13:50","slug":"justica-nega-pedido-de-lula-para-acompanhar-velorio-de-sigmaringa-seixas","status":"publish","type":"post","link":"https:\/\/www.caririemacao.com\/1\/2018\/12\/26\/justica-nega-pedido-de-lula-para-acompanhar-velorio-de-sigmaringa-seixas\/","title":{"rendered":"Justi\u00e7a nega pedido de Lula para acompanhar vel\u00f3rio de Sigmaringa Seixas"},"content":{"rendered":"<p>A Justi\u00e7a Federal no Paran\u00e1 negou ao ex-presidente Lula, pedido para acompanhar o vel\u00f3rio do ex-deputado Luiz Carlos Sigmaringa Seixas, nesta quarta-feira (26), em Bras\u00edlia. A defesa do ex-presidente alegou, no pedido, que Lula era amigo \u00edntimo de Sigmaringa h\u00e1 mais de 30 anos.<\/p>\n<p>&nbsp;<\/p>\n<p>Sigmaringa, que tratava uma leucemia, morreu nesta ter\u00e7a-feira (25), em S\u00e3o Paulo, aos 74 anos. Recentemente, fez parte da defesa de Lula.<\/p>\n<p>&nbsp;<\/p>\n<p>O pedido da defesa de Lula foi negado pelo juiz plantonista Vicente de Paula Ata\u00edde J\u00fanior. Ao tomar a decis\u00e3o, ele alegou que, de acordo com a Lei de Execu\u00e7\u00f5es Penais, a sa\u00edda de quem cumpre pena \u00e9 permitida apenas em caso de doen\u00e7a grave ou morte de familiares de primeiro grau ou c\u00f4njuges.<\/p>\n<p>&nbsp;<\/p>\n<p>Pelo Twitter, a presidente do PT, Gleisi Hofmann criticou a decis\u00e3o do magistrado e disse que a Lula \u201ctudo \u00e9 negado, inclusive chorar amigos\u201d. Antes disso, tamb\u00e9m pelo Twitter, a senadora lamentou a morte do ex-deputado. Ela escreveu que soube da perda de quem chamou de \u201cgrande e querido companheiro\u201d com \u201cimensa tristeza\u201d. Tamb\u00e9m prestou solidariedade \u00e0 fam\u00edlia e amigos dele.<\/p>\n<p>&nbsp;<\/p>\n<p>O presidente Michel Temer tamb\u00e9m lamentou, na mesma rede social. Temer disse que Sigmaringa foi um \u201cgrande advogado e homem p\u00fablico\u201d, que lutou pela democracia brasileira. Ele ainda prestou condol\u00eancias \u00e0 fam\u00edlia<\/p>\n<p>&nbsp;<\/p>\n<p>EBC<\/p>\n","protected":false},"excerpt":{"rendered":"<p>A Justi\u00e7a Federal no Paran\u00e1 negou ao ex-presidente Lula, pedido para acompanhar o vel\u00f3rio do ex-deputado Luiz Carlos Sigmaringa Seixas, nesta quarta-feira (26), em Bras\u00edlia.&hellip; <\/p>\n","protected":false},"author":1,"featured_media":77383,"comment_status":"closed","ping_status":"closed","sticky":false,"template":"","format":"standard","meta":{"sfsi_plus_gutenberg_text_before_share":"","sfsi_plus_gutenberg_show_text_before_share":"","sfsi_plus_gutenberg_icon_type":"","sfsi_plus_gutenberg_icon_alignemt":"","sfsi_plus_gutenburg_max_per_row":"","footnotes":""},"categories":[11],"tags":[],"class_list":["post-78158","post","type-post","status-publish","format-standard","has-post-thumbnail","hentry","category-politica"],"_links":{"self":[{"href":"https:\/\/www.caririemacao.com\/1\/wp-json\/wp\/v2\/posts\/78158","targetHints":{"allow":["GET"]}}],"collection":[{"href":"https:\/\/www.caririemacao.com\/1\/wp-json\/wp\/v2\/posts"}],"about":[{"href":"https:\/\/www.caririemacao.com\/1\/wp-json\/wp\/v2\/types\/post"}],"author":[{"embeddable":true,"href":"https:\/\/www.caririemacao.com\/1\/wp-json\/wp\/v2\/users\/1"}],"replies":[{"embeddable":true,"href":"https:\/\/www.caririemacao.com\/1\/wp-json\/wp\/v2\/comments?post=78158"}],"version-history":[{"count":1,"href":"https:\/\/www.caririemacao.com\/1\/wp-json\/wp\/v2\/posts\/78158\/revisions"}],"predecessor-version":[{"id":78159,"href":"https:\/\/www.caririemacao.com\/1\/wp-json\/wp\/v2\/posts\/78158\/revisions\/78159"}],"wp:featuredmedia":[{"embeddable":true,"href":"https:\/\/www.caririemacao.com\/1\/wp-json\/wp\/v2\/media\/77383"}],"wp:attachment":[{"href":"https:\/\/www.caririemacao.com\/1\/wp-json\/wp\/v2\/media?parent=78158"}],"wp:term":[{"taxonomy":"category","embeddable":true,"href":"https:\/\/www.caririemacao.com\/1\/wp-json\/wp\/v2\/categories?post=78158"},{"taxonomy":"post_tag","embeddable":true,"href":"https:\/\/www.caririemacao.com\/1\/wp-json\/wp\/v2\/tags?post=78158"}],"curies":[{"name":"wp","href":"https:\/\/api.w.org\/{rel}","templated":true}]}}