{"id":78166,"date":"2018-12-26T07:29:00","date_gmt":"2018-12-26T10:29:00","guid":{"rendered":"http:\/\/www.caririemacao.com\/1\/?p=78166"},"modified":"2018-12-26T07:29:00","modified_gmt":"2018-12-26T10:29:00","slug":"2019-paraiba-tem-13-feriados-sendo-seis-feriadoes-veja-lista","status":"publish","type":"post","link":"https:\/\/www.caririemacao.com\/1\/2018\/12\/26\/2019-paraiba-tem-13-feriados-sendo-seis-feriadoes-veja-lista\/","title":{"rendered":"2019: Para\u00edba tem 13 feriados, sendo seis \u2018feriad\u00f5es\u2019; veja lista"},"content":{"rendered":"<p data-track-category=\"Link no Texto\" data-track-links=\"\">A Para\u00edba tem 13 feriados em 2019, sendo seis \u201cferiad\u00f5es\u201d \u2013 quando o feriado cai na segunda-feira ou na sexta-feira e junta com o fim de semana. O\u00a0G1\u00a0listou os feriados nacionais, estaduais, de Jo\u00e3o Pessoa e Campina Grande do pr\u00f3ximo ano.<\/p>\n<div class=\"wall protected-content\">\n<div data-block-type=\"unstyled\" data-block-weight=\"54\" data-block-id=\"3\">\n<p data-track-category=\"Link no Texto\" data-track-links=\"\">Os feriados de Tiradentes (21 de abril) e o Domingo de P\u00e1scoa v\u00e3o cair no mesmo dia. J\u00e1 o 5 de agosto, dia em que s\u00e3o comemorados os anivers\u00e1rios da Para\u00edba e Jo\u00e3o Pessoa e o dia de Nossa Senhora das Neves, padroeira do estado, caem na segunda-feira, o que forma um dos \u201cferiad\u00f5es\u201d..<\/p>\n<\/div>\n<div data-block-type=\"unstyled\" data-block-weight=\"21\" data-block-id=\"4\">\n<div class=\"td-a-rec td-a-rec-id-content_inline  \"><span class=\"td-adspot-title\">As reparti\u00e7\u00f5es p\u00fablicas ainda podem instituir ponto facultativo no Carnaval (04 e 05 de mar\u00e7o) e Corpus Christi (20 de junho).<\/span><\/div>\n<\/div>\n<div data-block-type=\"unstyled\" data-block-weight=\"45\" data-block-id=\"5\">\n<p data-track-category=\"Link no Texto\" data-track-links=\"\">Em Campina Grande, no m\u00eas de outubro, o feriado municipal do anivers\u00e1rio da cidade (11 de outubro) vai cair numa sexta-feira e no s\u00e1bado (12 de outubro) \u00e9 o dia de Nossa Senhora Aparecida, feriado nacional, formando mais um fim de semana longo de descanso.<\/p>\n<\/div>\n<div data-block-type=\"raw\" data-block-weight=\"6\" data-block-id=\"6\">\n<div>\n<h2>Lista dos feriados nacionais de 2019<\/h2>\n<\/div>\n<\/div>\n<div data-block-type=\"raw\" data-block-weight=\"82\" data-block-id=\"7\">\n<ul>\n<li>1 de janeiro (ter\u00e7a): Confraterniza\u00e7\u00e3o Universal<\/li>\n<li>19 de abril (sexta): Paix\u00e3o de Cristo<\/li>\n<li>21 de abril (s\u00e1bado): Tiradentes e Domingo de P\u00e1scoa<\/li>\n<li>1\u00ba de maio (quarta): Dia Mundial do Trabalho<\/li>\n<li>24 de junho (segunda): S\u00e3o Jo\u00e3o<\/li>\n<li>5 de agosto (segunda): Nossa Senhora das Neves, anivers\u00e1rio da Para\u00edba e de Jo\u00e3o Pessoa<\/li>\n<li>7 de setembro (s\u00e1bado): Independ\u00eancia do Brasil<\/li>\n<li>12 de outubro (s\u00e1bado): Nossa Senhora Aparecida<\/li>\n<li>2 de novembro (s\u00e1bado): Finados<\/li>\n<li>15 de novembro (sexta): Proclama\u00e7\u00e3o da Rep\u00fablica<\/li>\n<li>25 de dezembro (quarta): Natal<\/li>\n<\/ul>\n<\/div>\n<div data-block-type=\"unstyled\" data-block-weight=\"4\" data-block-id=\"8\">\n<p data-track-category=\"Link no Texto\" data-track-links=\"\">Ponto facultativo em 2019<\/p>\n<\/div>\n<div data-block-type=\"raw\" data-block-weight=\"35\" data-block-id=\"9\">\n<ul>\n<li>04 de mar\u00e7o (segunda): Carnaval<\/li>\n<li>05 de mar\u00e7o (ter\u00e7a): Carnaval<\/li>\n<li>06 de mar\u00e7o(quarta): Quarta-feira de cinzas (ponto facultativo at\u00e9 as 14h)<\/li>\n<li>20 de junho (quinta): Corpus Christi<\/li>\n<li>28 de outubro (domingo): Dia do Servidor P\u00fablico<\/li>\n<\/ul>\n<\/div>\n<div data-block-type=\"unstyled\" data-block-weight=\"7\" data-block-id=\"10\">\n<p data-track-category=\"Link no Texto\" data-track-links=\"\">Feriados em Jo\u00e3o Pessoa e Campina Grande<\/p>\n<\/div>\n<div data-block-type=\"raw\" data-block-weight=\"34\" data-block-id=\"11\">\n<ul>\n<li>11 de outubro (sexta): anivers\u00e1rio de Campina Grande e Dia de Todas as Religi\u00f5es (em Campina Grande)<\/li>\n<li>8 de dezembro (s\u00e1bado): Iemanj\u00e1 e Nossa Senhora da Imaculada Concei\u00e7\u00e3o (em Jo\u00e3o Pessoa e Campina Grande)<\/li>\n<\/ul>\n<\/div>\n<div data-block-type=\"ads\" data-block-id=\"12\">\n<div id=\"banner_materia2\" data-id=\"banner_materia2\">Corpus Christi n\u00e3o \u00e9 feriado<\/div>\n<\/div>\n<div data-track-category=\"fim do conteudo\" data-track-action=\"ultimo chunk conteudo\" data-track-noninteraction=\"false\" data-track-scroll=\"entrada completa viewport\">\n<div class=\"mc-column content-text active-extra-styles \" data-block-type=\"unstyled\" data-block-weight=\"75\" data-block-id=\"14\">\n<p data-track-category=\"Link no Texto\" data-track-links=\"\">O dia de Corpus Christi, celebrado este ano no dia 20 de junho, n\u00e3o \u00e9 considerado feriado nacional ou estadual, al\u00e9m de n\u00e3o ser feriado em Jo\u00e3o Pessoa nem em Campina Grande. A data de\u00a0Corpus Christi \u00e9 ponto facultativo nas reparti\u00e7\u00f5es p\u00fablicas municipais em Campina Grande, conforme explicou o procurador-geral Jos\u00e9 Fernandes Mariz. De acordo com a prefeitura, uma lei municipal sancionada em 2016 alterou o entendimento anterior que decretava feriado em Campina Grande.<\/p>\n<\/div>\n<\/div>\n<\/div>\n<p data-track-category=\"Link no Texto\" data-track-links=\"\">\n<p data-track-category=\"Link no Texto\" data-track-links=\"\">G1<\/p>\n","protected":false},"excerpt":{"rendered":"<p>A Para\u00edba tem 13 feriados em 2019, sendo seis \u201cferiad\u00f5es\u201d \u2013 quando o feriado cai na segunda-feira ou na sexta-feira e junta com o fim&hellip; <\/p>\n","protected":false},"author":1,"featured_media":78167,"comment_status":"closed","ping_status":"closed","sticky":false,"template":"","format":"standard","meta":{"sfsi_plus_gutenberg_text_before_share":"","sfsi_plus_gutenberg_show_text_before_share":"","sfsi_plus_gutenberg_icon_type":"","sfsi_plus_gutenberg_icon_alignemt":"","sfsi_plus_gutenburg_max_per_row":"","footnotes":""},"categories":[2],"tags":[],"class_list":["post-78166","post","type-post","status-publish","format-standard","has-post-thumbnail","hentry","category-geral"],"_links":{"self":[{"href":"https:\/\/www.caririemacao.com\/1\/wp-json\/wp\/v2\/posts\/78166","targetHints":{"allow":["GET"]}}],"collection":[{"href":"https:\/\/www.caririemacao.com\/1\/wp-json\/wp\/v2\/posts"}],"about":[{"href":"https:\/\/www.caririemacao.com\/1\/wp-json\/wp\/v2\/types\/post"}],"author":[{"embeddable":true,"href":"https:\/\/www.caririemacao.com\/1\/wp-json\/wp\/v2\/users\/1"}],"replies":[{"embeddable":true,"href":"https:\/\/www.caririemacao.com\/1\/wp-json\/wp\/v2\/comments?post=78166"}],"version-history":[{"count":1,"href":"https:\/\/www.caririemacao.com\/1\/wp-json\/wp\/v2\/posts\/78166\/revisions"}],"predecessor-version":[{"id":78168,"href":"https:\/\/www.caririemacao.com\/1\/wp-json\/wp\/v2\/posts\/78166\/revisions\/78168"}],"wp:featuredmedia":[{"embeddable":true,"href":"https:\/\/www.caririemacao.com\/1\/wp-json\/wp\/v2\/media\/78167"}],"wp:attachment":[{"href":"https:\/\/www.caririemacao.com\/1\/wp-json\/wp\/v2\/media?parent=78166"}],"wp:term":[{"taxonomy":"category","embeddable":true,"href":"https:\/\/www.caririemacao.com\/1\/wp-json\/wp\/v2\/categories?post=78166"},{"taxonomy":"post_tag","embeddable":true,"href":"https:\/\/www.caririemacao.com\/1\/wp-json\/wp\/v2\/tags?post=78166"}],"curies":[{"name":"wp","href":"https:\/\/api.w.org\/{rel}","templated":true}]}}