{"id":78183,"date":"2018-12-26T09:35:50","date_gmt":"2018-12-26T12:35:50","guid":{"rendered":"http:\/\/www.caririemacao.com\/1\/?p=78183"},"modified":"2018-12-26T09:35:50","modified_gmt":"2018-12-26T12:35:50","slug":"bolsonaro-diz-que-tera-parceria-com-israel-para-dessalinizar-agua","status":"publish","type":"post","link":"https:\/\/www.caririemacao.com\/1\/2018\/12\/26\/bolsonaro-diz-que-tera-parceria-com-israel-para-dessalinizar-agua\/","title":{"rendered":"Bolsonaro diz que ter\u00e1 parceria com Israel para dessalinizar \u00e1gua"},"content":{"rendered":"<p>O presidente da Rep\u00fablica eleito, Jair Bolsonaro, disse hoje (25) que far\u00e1 parcerias com Israel para beneficiar o Nordeste com projetos de dessaliniza\u00e7\u00e3o de \u00e1gua. Por meio de seu perfil no Twitter, Bolsonaro afirmou que o futuro ministro de Ci\u00eancia e Tecnologia, Marcos Pontes, visitar\u00e1 em janeiro instala\u00e7\u00f5es de dessaliniza\u00e7\u00e3o, planta\u00e7\u00f5es e o escrit\u00f3rio de patentes no pa\u00eds do Oriente M\u00e9dio.<\/p>\n<div class=\"green-area t-left t-cont text-center\">\n<div class=\"anuncio\">\n<div id=\"div-gpt-ad-1493386374551-0\" data-google-query-id=\"COPI3p-jvd8CFUK1swod5AoGPw\">\n<div id=\"google_ads_iframe_\/21685702823\/New_Sec_Conteudo_0__container__\">Ainda em janeiro, espera-se que seja implantada no Nordeste brasileiro uma instala\u00e7\u00e3o piloto para tirar \u00e1gua salobra de po\u00e7os, dessalinizar, armazenar e distribuir para a agricultura familiar da regi\u00e3o.<\/div>\n<\/div>\n<\/div>\n<\/div>\n<p>\u201cTamb\u00e9m estudamos junto ao embaixador de Israel e empresa especializada testar tecnologia que produz \u00e1gua a partir da umidade do ar em escolas e hospitais da regi\u00e3o. Poderemos, inclusive, negociar a instala\u00e7\u00e3o de f\u00e1brica no Nordeste para venda desses equipamentos\u201d, escreveu no Twitter.<\/p>\n<p>&nbsp;<\/p>\n<p>AG\u00caNCIA BRASIL<\/p>\n","protected":false},"excerpt":{"rendered":"<p>O presidente da Rep\u00fablica eleito, Jair Bolsonaro, disse hoje (25) que far\u00e1 parcerias com Israel para beneficiar o Nordeste com projetos de dessaliniza\u00e7\u00e3o de \u00e1gua.&hellip; <\/p>\n","protected":false},"author":1,"featured_media":75438,"comment_status":"closed","ping_status":"closed","sticky":false,"template":"","format":"standard","meta":{"sfsi_plus_gutenberg_text_before_share":"","sfsi_plus_gutenberg_show_text_before_share":"","sfsi_plus_gutenberg_icon_type":"","sfsi_plus_gutenberg_icon_alignemt":"","sfsi_plus_gutenburg_max_per_row":"","footnotes":""},"categories":[11],"tags":[],"class_list":["post-78183","post","type-post","status-publish","format-standard","has-post-thumbnail","hentry","category-politica"],"_links":{"self":[{"href":"https:\/\/www.caririemacao.com\/1\/wp-json\/wp\/v2\/posts\/78183","targetHints":{"allow":["GET"]}}],"collection":[{"href":"https:\/\/www.caririemacao.com\/1\/wp-json\/wp\/v2\/posts"}],"about":[{"href":"https:\/\/www.caririemacao.com\/1\/wp-json\/wp\/v2\/types\/post"}],"author":[{"embeddable":true,"href":"https:\/\/www.caririemacao.com\/1\/wp-json\/wp\/v2\/users\/1"}],"replies":[{"embeddable":true,"href":"https:\/\/www.caririemacao.com\/1\/wp-json\/wp\/v2\/comments?post=78183"}],"version-history":[{"count":1,"href":"https:\/\/www.caririemacao.com\/1\/wp-json\/wp\/v2\/posts\/78183\/revisions"}],"predecessor-version":[{"id":78184,"href":"https:\/\/www.caririemacao.com\/1\/wp-json\/wp\/v2\/posts\/78183\/revisions\/78184"}],"wp:featuredmedia":[{"embeddable":true,"href":"https:\/\/www.caririemacao.com\/1\/wp-json\/wp\/v2\/media\/75438"}],"wp:attachment":[{"href":"https:\/\/www.caririemacao.com\/1\/wp-json\/wp\/v2\/media?parent=78183"}],"wp:term":[{"taxonomy":"category","embeddable":true,"href":"https:\/\/www.caririemacao.com\/1\/wp-json\/wp\/v2\/categories?post=78183"},{"taxonomy":"post_tag","embeddable":true,"href":"https:\/\/www.caririemacao.com\/1\/wp-json\/wp\/v2\/tags?post=78183"}],"curies":[{"name":"wp","href":"https:\/\/api.w.org\/{rel}","templated":true}]}}