{"id":78194,"date":"2018-12-26T10:53:37","date_gmt":"2018-12-26T13:53:37","guid":{"rendered":"http:\/\/www.caririemacao.com\/1\/?p=78194"},"modified":"2018-12-26T10:53:37","modified_gmt":"2018-12-26T13:53:37","slug":"policia-civil-da-paraiba-vai-investigar-a-morte-de-cachorro-em-onibus","status":"publish","type":"post","link":"https:\/\/www.caririemacao.com\/1\/2018\/12\/26\/policia-civil-da-paraiba-vai-investigar-a-morte-de-cachorro-em-onibus\/","title":{"rendered":"Pol\u00edcia Civil da Para\u00edba vai investigar a morte de cachorro em \u00f4nibus"},"content":{"rendered":"<p>A Pol\u00edcia Civil ir\u00e1 investigar a responsabilidade da morte do cachorro que foi transportado em um bagageiro do \u00f4nibus da empresa Expresso Guanabara durante 440 km em uma viagem entre as cidades paraibanas de Sousa e Jo\u00e3o Pessoa, no \u00faltimo domingo (23). De acordo com o delegado geral da Pol\u00edcia Civil, Jo\u00e3o Alves, o caso necessita de uma an\u00e1lise, pois n\u00e3o se sabe exatamente onde o cachorro morreu e que a responsabilidade \u00e9 de quem teve a ideia de p\u00f4r o animal sob essas condi\u00e7\u00f5es para um longo trajeto, pois n\u00e3o \u00e9 poss\u00edvel dizer com precis\u00e3o a quantidade de horas que ele passou ainda vivo no bagageiro.<\/p>\n<div class=\"green-area t-left t-cont text-center\">\n<div class=\"anuncio\">\n<div id=\"div-gpt-ad-1493386374551-0\" data-google-query-id=\"CJezk8jPvd8CFUR4AQodDSEKcg\">\n<div id=\"google_ads_iframe_\/21685702823\/New_Sec_Conteudo_0__container__\">O caso ficar\u00e1 sob os cuidados da Delegacia de Crimes contra o Meio Ambiente e o delegado acrescenta que uma das possibilidades seria uma poss\u00edvel a\u00e7\u00e3o por maus-tratos. \u201cEm uma viagem distante de Sousa pra c\u00e1, deviam ser medidas essas consequ\u00eancias. Na verdade, a compet\u00eancia seria do lugar onde o cachorro morreu, que n\u00e3o se sabe, mas sabemos onde ele foi colocado na mala\u201d, esclareceu.<\/div>\n<\/div>\n<\/div>\n<\/div>\n<p>Redes sociais<\/p>\n<p>Um v\u00eddeo circula nas redes sociais registrando Talles Welton, dono do cachorro Totty, lamentando a morte do animal. Nas imagens, o c\u00e3o aparece dentro de uma caixa transportadora de pets. Segundo um laudo veterin\u00e1rio, o cachorro era um buldogue franc\u00eas de um ano de idade e viajou no porta-malas do \u00f4nibus por cerca de seis horas, pois a empresa Expresso Guanabara n\u00e3o permitiu que ele fosse no interior do ve\u00edculo com a tutora, que era a m\u00e3e do jovem.<\/p>\n<p>&nbsp;<\/p>\n<p>PBAgora<\/p>\n","protected":false},"excerpt":{"rendered":"<p>A Pol\u00edcia Civil ir\u00e1 investigar a responsabilidade da morte do cachorro que foi transportado em um bagageiro do \u00f4nibus da empresa Expresso Guanabara durante 440&hellip; <\/p>\n","protected":false},"author":1,"featured_media":78195,"comment_status":"closed","ping_status":"closed","sticky":false,"template":"","format":"standard","meta":{"sfsi_plus_gutenberg_text_before_share":"","sfsi_plus_gutenberg_show_text_before_share":"","sfsi_plus_gutenberg_icon_type":"","sfsi_plus_gutenberg_icon_alignemt":"","sfsi_plus_gutenburg_max_per_row":"","footnotes":""},"categories":[12],"tags":[],"class_list":["post-78194","post","type-post","status-publish","format-standard","has-post-thumbnail","hentry","category-policia"],"_links":{"self":[{"href":"https:\/\/www.caririemacao.com\/1\/wp-json\/wp\/v2\/posts\/78194","targetHints":{"allow":["GET"]}}],"collection":[{"href":"https:\/\/www.caririemacao.com\/1\/wp-json\/wp\/v2\/posts"}],"about":[{"href":"https:\/\/www.caririemacao.com\/1\/wp-json\/wp\/v2\/types\/post"}],"author":[{"embeddable":true,"href":"https:\/\/www.caririemacao.com\/1\/wp-json\/wp\/v2\/users\/1"}],"replies":[{"embeddable":true,"href":"https:\/\/www.caririemacao.com\/1\/wp-json\/wp\/v2\/comments?post=78194"}],"version-history":[{"count":1,"href":"https:\/\/www.caririemacao.com\/1\/wp-json\/wp\/v2\/posts\/78194\/revisions"}],"predecessor-version":[{"id":78196,"href":"https:\/\/www.caririemacao.com\/1\/wp-json\/wp\/v2\/posts\/78194\/revisions\/78196"}],"wp:featuredmedia":[{"embeddable":true,"href":"https:\/\/www.caririemacao.com\/1\/wp-json\/wp\/v2\/media\/78195"}],"wp:attachment":[{"href":"https:\/\/www.caririemacao.com\/1\/wp-json\/wp\/v2\/media?parent=78194"}],"wp:term":[{"taxonomy":"category","embeddable":true,"href":"https:\/\/www.caririemacao.com\/1\/wp-json\/wp\/v2\/categories?post=78194"},{"taxonomy":"post_tag","embeddable":true,"href":"https:\/\/www.caririemacao.com\/1\/wp-json\/wp\/v2\/tags?post=78194"}],"curies":[{"name":"wp","href":"https:\/\/api.w.org\/{rel}","templated":true}]}}