{"id":78201,"date":"2018-12-26T11:17:24","date_gmt":"2018-12-26T14:17:24","guid":{"rendered":"http:\/\/www.caririemacao.com\/1\/?p=78201"},"modified":"2018-12-26T11:17:24","modified_gmt":"2018-12-26T14:17:24","slug":"coordenador-do-gaeco-faz-balanco-anual-sobre-as-acoes-de-combate-a-corrupcao-na-paraiba-e-pede-desculpas-ao-povo-de-cabedelo","status":"publish","type":"post","link":"https:\/\/www.caririemacao.com\/1\/2018\/12\/26\/coordenador-do-gaeco-faz-balanco-anual-sobre-as-acoes-de-combate-a-corrupcao-na-paraiba-e-pede-desculpas-ao-povo-de-cabedelo\/","title":{"rendered":"Coordenador do Gaeco faz balan\u00e7o anual sobre as a\u00e7\u00f5es de combate \u00e0 corrup\u00e7\u00e3o na Para\u00edba e pede desculpas ao povo de Cabedelo"},"content":{"rendered":"<p>O promotor Oct\u00e1vio Paulo Neto, coordenador do Grupo de Atua\u00e7\u00e3o Especial contra o Crime Organizado (Gaeco) do Minist\u00e9rio P\u00fablico da Para\u00edba (MPPB), apresentou ontem, em entrevista a imprensa da capital, um balan\u00e7o das a\u00e7\u00f5es do \u00f3rg\u00e3o neste ano de 2018, revelando que foram realizadas 18 opera\u00e7\u00f5es e a mais importante delas foi a Xeque-mate, no munic\u00edpio de Cabedelo.<\/p>\n<div class=\"green-area t-left t-cont text-center\">\n<div class=\"anuncio\">\n<div id=\"div-gpt-ad-1493386374551-0\" data-google-query-id=\"CNPUk-PPvd8CFc0KgQodnLsKow\">\n<div id=\"google_ads_iframe_\/21685702823\/New_Sec_Conteudo_0__container__\"><\/div>\n<\/div>\n<\/div>\n<\/div>\n<p>De acordo com o promotor, a Xeque-mate, deflagrada em 3 de abril, e que desvendou um esquema de corrup\u00e7\u00e3o na Prefeitura e na C\u00e2mara Municipal de Cabedelo, que causou mais de R$ 20 milh\u00f5es de preju\u00edzos \u00e0 popula\u00e7\u00e3o, se desdobrou em quatro fases investigativas com o apoio da Pol\u00edcia Federal (PF), e h\u00e1 outras etapas em curso, as quais ele n\u00e3o pode revelar.<\/p>\n<p>&nbsp;<\/p>\n<p>Essa opera\u00e7\u00e3o resultou na pris\u00e3o do ex-prefeito Leto Viana (PRP), que renunciou ao mandato em 16 de outubro e o outros 10 pessoas, entre elas a ex-primeira-dama e vereador de Cabedelo, Jaqueline Jacqueline Monteiro Fran\u00e7a e o ex-presidente da C\u00e2mara, L\u00facio Jos\u00e9 do Nascimento Ara\u00fajo, ambos do PSL; e os vereadores T\u00e9rcio de Figueiredo Dornelas Filho (PSL); Rosildo Pereira de Ara\u00fajo J\u00fanior, \u201cJ\u00fanior Datele\u201d (PEN) ; Ant\u00f4nio Bezerra do Vale Filho, \u201cAnt\u00f4nio do Vale\u201d (PRP) e de servidores p\u00fablicos municipais. Al\u00e9m do afastamento imediato de outros vereadores, que at\u00e9 hoje n\u00e3o reassumiram o mandato.<\/p>\n<p>&nbsp;<\/p>\n<p>O coordenador do Gaeco pediu desculpas ao povo de Cabedelo pela demora das investiga\u00e7\u00f5es, que levaram mais de quatro anos para come\u00e7ar a surtir os efeitos desejados e conseguir desbaratar a quadrilha que atuava nos Poderes Executivo e Legislativo da Cidade, que resultou inclusive na compra do mandato do ex-prefeito, Jos\u00e9 Maria de Lucena Filho, o Luceninha, por R$ 5 milh\u00f5es, para a quita\u00e7\u00e3o de dividas contra\u00eddas por ele na campanha eleitoral.<\/p>\n<p>&nbsp;<\/p>\n<p>\u201cNa verdade, temos que pedir desculpas a cidade de Cabedelo pela demora. Mas tudo acontece em seu tempo. A Justi\u00e7a infelizmente \u00e9 muito burocratizada, eu creio que o caso de Cabedelo e de outros munic\u00edpios era para ter acontecido h\u00e1 mais tempo. Mas infelizmente n\u00e3o t\u00ednhamos maturidade institucional e legal\u201d, declarou.<\/p>\n<p>&nbsp;<\/p>\n","protected":false},"excerpt":{"rendered":"<p>O promotor Oct\u00e1vio Paulo Neto, coordenador do Grupo de Atua\u00e7\u00e3o Especial contra o Crime Organizado (Gaeco) do Minist\u00e9rio P\u00fablico da Para\u00edba (MPPB), apresentou ontem, em&hellip; <\/p>\n","protected":false},"author":1,"featured_media":78202,"comment_status":"closed","ping_status":"closed","sticky":false,"template":"","format":"standard","meta":{"sfsi_plus_gutenberg_text_before_share":"","sfsi_plus_gutenberg_show_text_before_share":"","sfsi_plus_gutenberg_icon_type":"","sfsi_plus_gutenberg_icon_alignemt":"","sfsi_plus_gutenburg_max_per_row":"","footnotes":""},"categories":[11],"tags":[],"class_list":["post-78201","post","type-post","status-publish","format-standard","has-post-thumbnail","hentry","category-politica"],"_links":{"self":[{"href":"https:\/\/www.caririemacao.com\/1\/wp-json\/wp\/v2\/posts\/78201","targetHints":{"allow":["GET"]}}],"collection":[{"href":"https:\/\/www.caririemacao.com\/1\/wp-json\/wp\/v2\/posts"}],"about":[{"href":"https:\/\/www.caririemacao.com\/1\/wp-json\/wp\/v2\/types\/post"}],"author":[{"embeddable":true,"href":"https:\/\/www.caririemacao.com\/1\/wp-json\/wp\/v2\/users\/1"}],"replies":[{"embeddable":true,"href":"https:\/\/www.caririemacao.com\/1\/wp-json\/wp\/v2\/comments?post=78201"}],"version-history":[{"count":1,"href":"https:\/\/www.caririemacao.com\/1\/wp-json\/wp\/v2\/posts\/78201\/revisions"}],"predecessor-version":[{"id":78203,"href":"https:\/\/www.caririemacao.com\/1\/wp-json\/wp\/v2\/posts\/78201\/revisions\/78203"}],"wp:featuredmedia":[{"embeddable":true,"href":"https:\/\/www.caririemacao.com\/1\/wp-json\/wp\/v2\/media\/78202"}],"wp:attachment":[{"href":"https:\/\/www.caririemacao.com\/1\/wp-json\/wp\/v2\/media?parent=78201"}],"wp:term":[{"taxonomy":"category","embeddable":true,"href":"https:\/\/www.caririemacao.com\/1\/wp-json\/wp\/v2\/categories?post=78201"},{"taxonomy":"post_tag","embeddable":true,"href":"https:\/\/www.caririemacao.com\/1\/wp-json\/wp\/v2\/tags?post=78201"}],"curies":[{"name":"wp","href":"https:\/\/api.w.org\/{rel}","templated":true}]}}